{"id":254,"date":"2023-11-24T14:43:43","date_gmt":"2023-11-24T14:43:43","guid":{"rendered":"https:\/\/fesaem.com.ar\/?p=254"},"modified":"2023-11-24T14:43:43","modified_gmt":"2023-11-24T14:43:43","slug":"con-el-apoyo-de-federaciones-mutuales-la-cam-impulsa-e-invita-a-la-presentacion-del-protocolo-contra-la-violencia-de-genero","status":"publish","type":"post","link":"https:\/\/fesaem.com.ar\/?p=254","title":{"rendered":"CON EL APOYO DE FEDERACIONES MUTUALES LA CAM IMPULSA E INVITA A LA PRESENTACI\u00d3N DEL PROTOCOLO CONTRA LA VIOLENCIA DE G\u00c9NERO\u00a0"},"content":{"rendered":"\n<figure class=\"wp-block-image size-large\"><img loading=\"lazy\" decoding=\"async\" width=\"1024\" height=\"640\" src=\"https:\/\/fesaem.com.ar\/wp-content\/uploads\/2023\/11\/EDICION-DE-FOTOS-54-1024x640.png\" alt=\"\" class=\"wp-image-255\" srcset=\"https:\/\/fesaem.com.ar\/wp-content\/uploads\/2023\/11\/EDICION-DE-FOTOS-54-1024x640.png 1024w, https:\/\/fesaem.com.ar\/wp-content\/uploads\/2023\/11\/EDICION-DE-FOTOS-54-300x188.png 300w, https:\/\/fesaem.com.ar\/wp-content\/uploads\/2023\/11\/EDICION-DE-FOTOS-54-768x480.png 768w, https:\/\/fesaem.com.ar\/wp-content\/uploads\/2023\/11\/EDICION-DE-FOTOS-54.png 1200w\" sizes=\"auto, (max-width: 1024px) 100vw, 1024px\" \/><\/figure>\n\n\n\n<p><strong>La Secretar\u00eda de Equidad de G\u00e9nero (SEG) de la Confederaci\u00f3n Argentina de Mutualidades (CAM) avanza en el desarrollo de un Protocolo de Buenas Pr\u00e1cticas para prevenir e intervenir en casos de violencia de g\u00e9nero. La iniciativa cuenta con el respaldo de las Federaciones Mutuales.<\/strong><\/p>\n\n\n\n<!--more-->\n\n\n\n<p>En una reuni\u00f3n convocada a cabo el 15 de noviembre, la SEG de la CAM se reuni\u00f3 con mujeres mutualistas referentes de varias provincias para profundizar en la creaci\u00f3n de este protocolo. El plan ser\u00e1 presentado el 25 de noviembre a las 9:00 horas, mediante una reuni\u00f3n virtual de la SEG de la CAM, por plataforma ZOOM:&nbsp;<\/p>\n\n\n\n<figure class=\"wp-block-embed\"><div class=\"wp-block-embed__wrapper\">\nhttps:\/\/us02web.zoom.us\/j\/83900802713?pwd=NFZEWEFzdnFXb05BZlRLUHdaS2JPUT09\n<\/div><\/figure>\n\n\n\n<p>ID de reuni\u00f3n: 839 0080 2713 \/ C\u00f3digo de acceso: 176996<\/p>\n\n\n\n<p>El objetivo central es establecer un protocolo de actuaci\u00f3n frente a situaciones de violencia de g\u00e9nero, que estar\u00e1 disponible para todas las entidades de base que conforman la CAM. El plan ser\u00e1 apoyado y promovido por las Federaciones Mutuales, asegurando su implementaci\u00f3n efectiva.<\/p>\n\n\n\n<figure class=\"wp-block-image size-large\"><img loading=\"lazy\" decoding=\"async\" width=\"1024\" height=\"640\" src=\"https:\/\/fesaem.com.ar\/wp-content\/uploads\/2023\/11\/EDICION-DE-FOTOS-53-1024x640.png\" alt=\"\" class=\"wp-image-256\" srcset=\"https:\/\/fesaem.com.ar\/wp-content\/uploads\/2023\/11\/EDICION-DE-FOTOS-53-1024x640.png 1024w, https:\/\/fesaem.com.ar\/wp-content\/uploads\/2023\/11\/EDICION-DE-FOTOS-53-300x188.png 300w, https:\/\/fesaem.com.ar\/wp-content\/uploads\/2023\/11\/EDICION-DE-FOTOS-53-768x480.png 768w, https:\/\/fesaem.com.ar\/wp-content\/uploads\/2023\/11\/EDICION-DE-FOTOS-53.png 1200w\" sizes=\"auto, (max-width: 1024px) 100vw, 1024px\" \/><\/figure>\n\n\n\n<p>La implementaci\u00f3n de los protocolos se llevar\u00e1 a cabo desde cada Federaci\u00f3n provincial, especialmente desde las Comisiones de Mujeres, Secretar\u00edas de G\u00e9neros y Referentes en la SEG. En caso de no contar con estas instancias, la SEG CAM brindar\u00e1 el asesoramiento necesario.<\/p>\n\n\n\n<p>La CAM busca comprometer, acompa\u00f1ar y supervisar a las mutuales federadas y federaciones en la elaboraci\u00f3n de sus propios protocolos en un plazo de 12 meses. El enfoque principal es erradicar las violencias y discriminaciones de g\u00e9nero dentro de las organizaciones mutuales.<\/p>\n\n\n\n<figure class=\"wp-block-image size-large\"><img loading=\"lazy\" decoding=\"async\" width=\"739\" height=\"1024\" src=\"https:\/\/fesaem.com.ar\/wp-content\/uploads\/2023\/11\/1c0f81db-0e09-4413-abf0-0f188e3e95ed-739x1024.jpeg\" alt=\"\" class=\"wp-image-257\" srcset=\"https:\/\/fesaem.com.ar\/wp-content\/uploads\/2023\/11\/1c0f81db-0e09-4413-abf0-0f188e3e95ed-739x1024.jpeg 739w, https:\/\/fesaem.com.ar\/wp-content\/uploads\/2023\/11\/1c0f81db-0e09-4413-abf0-0f188e3e95ed-217x300.jpeg 217w, https:\/\/fesaem.com.ar\/wp-content\/uploads\/2023\/11\/1c0f81db-0e09-4413-abf0-0f188e3e95ed-768x1064.jpeg 768w, https:\/\/fesaem.com.ar\/wp-content\/uploads\/2023\/11\/1c0f81db-0e09-4413-abf0-0f188e3e95ed.jpeg 924w\" sizes=\"auto, (max-width: 739px) 100vw, 739px\" \/><\/figure>\n","protected":false},"excerpt":{"rendered":"<p>La Secretar\u00eda de Equidad de G\u00e9nero (SEG) de la Confederaci\u00f3n Argentina de Mutualidades (CAM) avanza en el desarrollo de un Protocolo de Buenas Pr\u00e1cticas para prevenir e intervenir en casos de violencia de g\u00e9nero. La iniciativa cuenta con el respaldo de las Federaciones Mutuales.<\/p>\n","protected":false},"author":1,"featured_media":0,"comment_status":"open","ping_status":"open","sticky":false,"template":"","format":"standard","meta":{"footnotes":""},"categories":[1],"tags":[],"class_list":["post-254","post","type-post","status-publish","format-standard","hentry","category-uncategorized"],"_links":{"self":[{"href":"https:\/\/fesaem.com.ar\/index.php?rest_route=\/wp\/v2\/posts\/254","targetHints":{"allow":["GET"]}}],"collection":[{"href":"https:\/\/fesaem.com.ar\/index.php?rest_route=\/wp\/v2\/posts"}],"about":[{"href":"https:\/\/fesaem.com.ar\/index.php?rest_route=\/wp\/v2\/types\/post"}],"author":[{"embeddable":true,"href":"https:\/\/fesaem.com.ar\/index.php?rest_route=\/wp\/v2\/users\/1"}],"replies":[{"embeddable":true,"href":"https:\/\/fesaem.com.ar\/index.php?rest_route=%2Fwp%2Fv2%2Fcomments&post=254"}],"version-history":[{"count":1,"href":"https:\/\/fesaem.com.ar\/index.php?rest_route=\/wp\/v2\/posts\/254\/revisions"}],"predecessor-version":[{"id":258,"href":"https:\/\/fesaem.com.ar\/index.php?rest_route=\/wp\/v2\/posts\/254\/revisions\/258"}],"wp:attachment":[{"href":"https:\/\/fesaem.com.ar\/index.php?rest_route=%2Fwp%2Fv2%2Fmedia&parent=254"}],"wp:term":[{"taxonomy":"category","embeddable":true,"href":"https:\/\/fesaem.com.ar\/index.php?rest_route=%2Fwp%2Fv2%2Fcategories&post=254"},{"taxonomy":"post_tag","embeddable":true,"href":"https:\/\/fesaem.com.ar\/index.php?rest_route=%2Fwp%2Fv2%2Ftags&post=254"}],"curies":[{"name":"wp","href":"https:\/\/api.w.org\/{rel}","templated":true}]}}