{"id":513,"date":"2024-11-11T12:52:14","date_gmt":"2024-11-11T12:52:14","guid":{"rendered":"https:\/\/fesaem.com.ar\/?p=513"},"modified":"2025-02-28T16:34:19","modified_gmt":"2025-02-28T16:34:19","slug":"la-fesaem-presente-con-la-mutual-de-servicios-santa-fe-en-la-inaugurada-de-la-nueva-ala-de-la-sede-en-el-marco-de-su-8-aniversario","status":"publish","type":"post","link":"https:\/\/fesaem.com.ar\/?p=513","title":{"rendered":"LA FESAEM PRESENTE CON LA MUTUAL DE SERVICIOS SANTA FE EN LA INAUGURADA DE LA NUEVA ALA DE LA SEDE EN EL MARCO DE SU 8\u00b0 ANIVERSARIO"},"content":{"rendered":"\n<figure class=\"wp-block-image size-large\"><img loading=\"lazy\" decoding=\"async\" width=\"1024\" height=\"640\" src=\"http:\/\/fesaem.com.ar\/wp-content\/uploads\/2024\/11\/EDICION-DE-FOTOS-22-1024x640.png\" alt=\"\" class=\"wp-image-517\" srcset=\"https:\/\/fesaem.com.ar\/wp-content\/uploads\/2024\/11\/EDICION-DE-FOTOS-22-1024x640.png 1024w, https:\/\/fesaem.com.ar\/wp-content\/uploads\/2024\/11\/EDICION-DE-FOTOS-22-300x188.png 300w, https:\/\/fesaem.com.ar\/wp-content\/uploads\/2024\/11\/EDICION-DE-FOTOS-22-768x480.png 768w, https:\/\/fesaem.com.ar\/wp-content\/uploads\/2024\/11\/EDICION-DE-FOTOS-22.png 1200w\" sizes=\"auto, (max-width: 1024px) 100vw, 1024px\" \/><\/figure>\n\n\n\n<p><strong>La Asociaci\u00f3n Mutual de Servicios Santa Fe celebr\u00f3 su octavo aniversario con la inauguraci\u00f3n de una nueva ala en su sede central, ampliando los servicios para sus m\u00e1s de 80 localidades afiliadas en el centro-norte de la provincia. La Federacion Santafesina de Entidades Mutualistas Brigadieres L\u00f3pez estuvo acompa\u00f1ando a la mutual federada.<\/strong><\/p>\n\n\n\n<!--more-->\n\n\n\n<p>En un evento que reuni\u00f3 a figuras destacadas del sector mutualista, la Asociaci\u00f3n Mutual de Servicios Santa Fe inaugur\u00f3 una nueva ala en su sede ubicada en Suipacha 2335. La ceremonia, que tambi\u00e9n conmemor\u00f3 los ocho a\u00f1os de la instituci\u00f3n, cont\u00f3 con la presencia de Gustavo Bernay, presidente de la Federaci\u00f3n Santafesina de Entidades Mutualistas General de Brigada Etanislao L\u00f3pez. Bernay estuvo acompa\u00f1ado por Oscar Rosas, secretario ejecutivo de la Federaci\u00f3n, y Narciso Carrizo, vicepresidente de CAM.<\/p>\n\n\n\n<figure class=\"wp-block-gallery has-nested-images columns-default is-cropped wp-block-gallery-1 is-layout-flex wp-block-gallery-is-layout-flex\">\n<figure class=\"wp-block-image size-large\"><img loading=\"lazy\" decoding=\"async\" width=\"1024\" height=\"640\" data-id=\"516\" src=\"https:\/\/fesaem.com.ar\/wp-content\/uploads\/2024\/11\/EDICION-DE-FOTOS-20-1024x640.png\" alt=\"\" class=\"wp-image-516\" srcset=\"https:\/\/fesaem.com.ar\/wp-content\/uploads\/2024\/11\/EDICION-DE-FOTOS-20-1024x640.png 1024w, https:\/\/fesaem.com.ar\/wp-content\/uploads\/2024\/11\/EDICION-DE-FOTOS-20-300x188.png 300w, https:\/\/fesaem.com.ar\/wp-content\/uploads\/2024\/11\/EDICION-DE-FOTOS-20-768x480.png 768w, https:\/\/fesaem.com.ar\/wp-content\/uploads\/2024\/11\/EDICION-DE-FOTOS-20.png 1200w\" sizes=\"auto, (max-width: 1024px) 100vw, 1024px\" \/><\/figure>\n<\/figure>\n\n\n\n<p>La nueva ala representa un esfuerzo por parte de la mutual para responder a las crecientes necesidades de sus afiliados en m\u00e1s de 80 localidades de la regi\u00f3n. Desde sus inicios, la asociaci\u00f3n se ha enfocado en la solidaridad y la ayuda mutua, ofreciendo servicios de salud, farmacia mutua y subsidios, y en esta expansi\u00f3n incluye ahora Turismo Mutual, seguros y opciones de ayuda econ\u00f3mica.<\/p>\n\n\n\n<figure class=\"wp-block-gallery has-nested-images columns-default is-cropped wp-block-gallery-2 is-layout-flex wp-block-gallery-is-layout-flex\">\n<figure class=\"wp-block-image size-large\"><img loading=\"lazy\" decoding=\"async\" width=\"1024\" height=\"640\" data-id=\"514\" src=\"https:\/\/fesaem.com.ar\/wp-content\/uploads\/2024\/11\/EDICION-DE-FOTOS-21-1024x640.png\" alt=\"\" class=\"wp-image-514\" srcset=\"https:\/\/fesaem.com.ar\/wp-content\/uploads\/2024\/11\/EDICION-DE-FOTOS-21-1024x640.png 1024w, https:\/\/fesaem.com.ar\/wp-content\/uploads\/2024\/11\/EDICION-DE-FOTOS-21-300x188.png 300w, https:\/\/fesaem.com.ar\/wp-content\/uploads\/2024\/11\/EDICION-DE-FOTOS-21-768x480.png 768w, https:\/\/fesaem.com.ar\/wp-content\/uploads\/2024\/11\/EDICION-DE-FOTOS-21.png 1200w\" sizes=\"auto, (max-width: 1024px) 100vw, 1024px\" \/><\/figure>\n\n\n\n<figure class=\"wp-block-image size-large\"><img loading=\"lazy\" decoding=\"async\" width=\"1024\" height=\"640\" data-id=\"515\" src=\"https:\/\/fesaem.com.ar\/wp-content\/uploads\/2024\/11\/EDICION-DE-FOTOS-19-1024x640.png\" alt=\"\" class=\"wp-image-515\" srcset=\"https:\/\/fesaem.com.ar\/wp-content\/uploads\/2024\/11\/EDICION-DE-FOTOS-19-1024x640.png 1024w, https:\/\/fesaem.com.ar\/wp-content\/uploads\/2024\/11\/EDICION-DE-FOTOS-19-300x188.png 300w, https:\/\/fesaem.com.ar\/wp-content\/uploads\/2024\/11\/EDICION-DE-FOTOS-19-768x480.png 768w, https:\/\/fesaem.com.ar\/wp-content\/uploads\/2024\/11\/EDICION-DE-FOTOS-19.png 1200w\" sizes=\"auto, (max-width: 1024px) 100vw, 1024px\" \/><\/figure>\n<\/figure>\n\n\n\n<p>Consolidada como un referente de servicios en Santa Fe, la asociaci\u00f3n naci\u00f3 en colaboraci\u00f3n con el Plan de Salud del Sanatorio Santa Fe, lo que impuls\u00f3 el crecimiento de su red de socios y colaboraciones con otras obras sociales y prepagas. Este respaldo y expansi\u00f3n han fortalecido la estructura de la mutual, permiti\u00e9ndole diversificar su oferta en beneficio de sus miles de afiliados, quienes se benefician de servicios dise\u00f1ados en torno a principios de confianza y reciprocidad.<\/p>\n\n\n\n<p>\u201cNuestra visi\u00f3n es ser un universo de beneficios para nuestros afiliados, y seguiremos trabajando para incorporar cada vez m\u00e1s servicios\u201d, afirm\u00f3 la entidad en un comunicado oficial, reafirmando su compromiso con la comunidad.<\/p>\n","protected":false},"excerpt":{"rendered":"<p>La Asociaci\u00f3n Mutual de Servicios Santa Fe celebr\u00f3 su octavo aniversario con la inauguraci\u00f3n de una nueva ala en su sede central, ampliando los servicios para sus m\u00e1s de 80 localidades afiliadas en el centro-norte de la provincia. La Federacion Santafesina de Entidades Mutualistas Brigadieres L\u00f3pez estuvo acompa\u00f1ando a la mutual federada.<\/p>\n","protected":false},"author":1,"featured_media":0,"comment_status":"open","ping_status":"open","sticky":false,"template":"","format":"standard","meta":{"footnotes":""},"categories":[1],"tags":[],"class_list":["post-513","post","type-post","status-publish","format-standard","hentry","category-uncategorized"],"_links":{"self":[{"href":"https:\/\/fesaem.com.ar\/index.php?rest_route=\/wp\/v2\/posts\/513","targetHints":{"allow":["GET"]}}],"collection":[{"href":"https:\/\/fesaem.com.ar\/index.php?rest_route=\/wp\/v2\/posts"}],"about":[{"href":"https:\/\/fesaem.com.ar\/index.php?rest_route=\/wp\/v2\/types\/post"}],"author":[{"embeddable":true,"href":"https:\/\/fesaem.com.ar\/index.php?rest_route=\/wp\/v2\/users\/1"}],"replies":[{"embeddable":true,"href":"https:\/\/fesaem.com.ar\/index.php?rest_route=%2Fwp%2Fv2%2Fcomments&post=513"}],"version-history":[{"count":2,"href":"https:\/\/fesaem.com.ar\/index.php?rest_route=\/wp\/v2\/posts\/513\/revisions"}],"predecessor-version":[{"id":528,"href":"https:\/\/fesaem.com.ar\/index.php?rest_route=\/wp\/v2\/posts\/513\/revisions\/528"}],"wp:attachment":[{"href":"https:\/\/fesaem.com.ar\/index.php?rest_route=%2Fwp%2Fv2%2Fmedia&parent=513"}],"wp:term":[{"taxonomy":"category","embeddable":true,"href":"https:\/\/fesaem.com.ar\/index.php?rest_route=%2Fwp%2Fv2%2Fcategories&post=513"},{"taxonomy":"post_tag","embeddable":true,"href":"https:\/\/fesaem.com.ar\/index.php?rest_route=%2Fwp%2Fv2%2Ftags&post=513"}],"curies":[{"name":"wp","href":"https:\/\/api.w.org\/{rel}","templated":true}]}}