{"id":640,"date":"2025-07-11T21:35:30","date_gmt":"2025-07-11T21:35:30","guid":{"rendered":"https:\/\/fesaem.com.ar\/?p=640"},"modified":"2025-07-11T21:45:15","modified_gmt":"2025-07-11T21:45:15","slug":"mutual-cat-consolida-su-crecimiento-regional-la-fesaem-presente-en-la-inauguracion-del-nuevo-edificio-en-las-rosas","status":"publish","type":"post","link":"https:\/\/fesaem.com.ar\/?p=640","title":{"rendered":"MUTUAL CAT CONSOLIDA SU CRECIMIENTO REGIONAL: LA FESAEM PRESENTE EN LA INAUGURACI\u00d3N DEL NUEVO EDIFICIO EN LAS ROSAS"},"content":{"rendered":"\n<figure class=\"wp-block-image size-large\"><img loading=\"lazy\" decoding=\"async\" width=\"1024\" height=\"640\" src=\"https:\/\/fesaem.com.ar\/wp-content\/uploads\/2025\/07\/EDICION-DE-FOTOS-2025-07-11T182825.939-1024x640.png\" alt=\"\" class=\"wp-image-641\" srcset=\"https:\/\/fesaem.com.ar\/wp-content\/uploads\/2025\/07\/EDICION-DE-FOTOS-2025-07-11T182825.939-1024x640.png 1024w, https:\/\/fesaem.com.ar\/wp-content\/uploads\/2025\/07\/EDICION-DE-FOTOS-2025-07-11T182825.939-300x188.png 300w, https:\/\/fesaem.com.ar\/wp-content\/uploads\/2025\/07\/EDICION-DE-FOTOS-2025-07-11T182825.939-768x480.png 768w, https:\/\/fesaem.com.ar\/wp-content\/uploads\/2025\/07\/EDICION-DE-FOTOS-2025-07-11T182825.939.png 1200w\" sizes=\"auto, (max-width: 1024px) 100vw, 1024px\" \/><\/figure>\n\n\n\n<p><strong>Con la presencia de dirigente de la Federaci\u00f3n Santafesina de Entidades Mutualistas Brigadier L\u00f3pez, la Mutual del Club Atl\u00e9tico Trebolense (Mutual CAT) inaugur\u00f3 el pasado martes 8 de julio de 2025 su moderno edificio propio en pleno centro de Las Rosas, acompa\u00f1ada por m\u00e1s de un centenar de asociados, comerciantes y el intendente Javier Meier.<\/strong><\/p>\n\n\n\n<!--more-->\n\n\n\n<p>En un acto que convoc\u00f3 a m\u00e1s de un centenar de asistentes, la entidad \u2014cuya sede central est\u00e1 en El Tr\u00e9bol y que opera seis sucursales\u2014 inaugur\u00f3 con \u00e9xito su flamante edificio propio en la ciudad de Las Rosas el pasado martes 8 de julio de 2025. Carlos Elias dirigente de la FESAEM acompa\u00f1\u00f3 el significativo acontecimiento que marca un nuevo cap\u00edtulo en la historia de la entidad, reafirmando el compromiso de La Brigadier con el desarrollo del mutualismo en la regi\u00f3n.<\/p>\n\n\n\n<figure class=\"wp-block-gallery has-nested-images columns-default is-cropped wp-block-gallery-1 is-layout-flex wp-block-gallery-is-layout-flex\">\n<figure class=\"wp-block-image size-large\"><img loading=\"lazy\" decoding=\"async\" width=\"1024\" height=\"640\" data-id=\"643\" src=\"https:\/\/fesaem.com.ar\/wp-content\/uploads\/2025\/07\/EDICION-DE-FOTOS-2025-07-11T182344.939-1024x640.png\" alt=\"\" class=\"wp-image-643\" srcset=\"https:\/\/fesaem.com.ar\/wp-content\/uploads\/2025\/07\/EDICION-DE-FOTOS-2025-07-11T182344.939-1024x640.png 1024w, https:\/\/fesaem.com.ar\/wp-content\/uploads\/2025\/07\/EDICION-DE-FOTOS-2025-07-11T182344.939-300x188.png 300w, https:\/\/fesaem.com.ar\/wp-content\/uploads\/2025\/07\/EDICION-DE-FOTOS-2025-07-11T182344.939-768x480.png 768w, https:\/\/fesaem.com.ar\/wp-content\/uploads\/2025\/07\/EDICION-DE-FOTOS-2025-07-11T182344.939.png 1200w\" sizes=\"auto, (max-width: 1024px) 100vw, 1024px\" \/><\/figure>\n\n\n\n<figure class=\"wp-block-image size-large\"><img loading=\"lazy\" decoding=\"async\" width=\"1024\" height=\"640\" data-id=\"642\" src=\"https:\/\/fesaem.com.ar\/wp-content\/uploads\/2025\/07\/EDICION-DE-FOTOS-2025-07-11T182733.239-1024x640.png\" alt=\"\" class=\"wp-image-642\" srcset=\"https:\/\/fesaem.com.ar\/wp-content\/uploads\/2025\/07\/EDICION-DE-FOTOS-2025-07-11T182733.239-1024x640.png 1024w, https:\/\/fesaem.com.ar\/wp-content\/uploads\/2025\/07\/EDICION-DE-FOTOS-2025-07-11T182733.239-300x188.png 300w, https:\/\/fesaem.com.ar\/wp-content\/uploads\/2025\/07\/EDICION-DE-FOTOS-2025-07-11T182733.239-768x480.png 768w, https:\/\/fesaem.com.ar\/wp-content\/uploads\/2025\/07\/EDICION-DE-FOTOS-2025-07-11T182733.239.png 1200w\" sizes=\"auto, (max-width: 1024px) 100vw, 1024px\" \/><\/figure>\n<\/figure>\n\n\n\n<p><strong>\u201cEl crecimiento de Mutual CAT es un ejemplo para el mutualismo santafesino\u201d, subray\u00f3 El\u00edas, valorando la expansi\u00f3n a seis sucursales y la generaci\u00f3n constante de servicios financieros para la regi\u00f3n. A su turno, el gerente general <strong>de Mutual CAT<\/strong><\/strong>, <strong><strong>Marcelo Cinquini<\/strong><\/strong> <strong>\u2014tambi\u00e9n vicepresidente de la federaci\u00f3n Brigadier L\u00f3pez\u2014 celebr\u00f3 \u201cel apoyo masivo de los socios\u201d y agradeci\u00f3 al municipio por facilitar la obra.<\/strong><\/p>\n\n\n\n<figure class=\"wp-block-gallery has-nested-images columns-default is-cropped wp-block-gallery-2 is-layout-flex wp-block-gallery-is-layout-flex\">\n<figure class=\"wp-block-image size-large\"><img loading=\"lazy\" decoding=\"async\" width=\"1024\" height=\"640\" data-id=\"645\" src=\"https:\/\/fesaem.com.ar\/wp-content\/uploads\/2025\/07\/EDICION-DE-FOTOS-2025-07-11T182417.328-1024x640.png\" alt=\"\" class=\"wp-image-645\" srcset=\"https:\/\/fesaem.com.ar\/wp-content\/uploads\/2025\/07\/EDICION-DE-FOTOS-2025-07-11T182417.328-1024x640.png 1024w, https:\/\/fesaem.com.ar\/wp-content\/uploads\/2025\/07\/EDICION-DE-FOTOS-2025-07-11T182417.328-300x188.png 300w, https:\/\/fesaem.com.ar\/wp-content\/uploads\/2025\/07\/EDICION-DE-FOTOS-2025-07-11T182417.328-768x480.png 768w, https:\/\/fesaem.com.ar\/wp-content\/uploads\/2025\/07\/EDICION-DE-FOTOS-2025-07-11T182417.328.png 1200w\" sizes=\"auto, (max-width: 1024px) 100vw, 1024px\" \/><\/figure>\n\n\n\n<figure class=\"wp-block-image size-large\"><img loading=\"lazy\" decoding=\"async\" width=\"1024\" height=\"640\" data-id=\"644\" src=\"https:\/\/fesaem.com.ar\/wp-content\/uploads\/2025\/07\/EDICION-DE-FOTOS-2025-07-11T182633.900-1024x640.png\" alt=\"\" class=\"wp-image-644\" srcset=\"https:\/\/fesaem.com.ar\/wp-content\/uploads\/2025\/07\/EDICION-DE-FOTOS-2025-07-11T182633.900-1024x640.png 1024w, https:\/\/fesaem.com.ar\/wp-content\/uploads\/2025\/07\/EDICION-DE-FOTOS-2025-07-11T182633.900-300x188.png 300w, https:\/\/fesaem.com.ar\/wp-content\/uploads\/2025\/07\/EDICION-DE-FOTOS-2025-07-11T182633.900-768x480.png 768w, https:\/\/fesaem.com.ar\/wp-content\/uploads\/2025\/07\/EDICION-DE-FOTOS-2025-07-11T182633.900.png 1200w\" sizes=\"auto, (max-width: 1024px) 100vw, 1024px\" \/><\/figure>\n<\/figure>\n\n\n\n<p>En reconocimiento a la trayectoria, la comisi\u00f3n entreg\u00f3 una plaqueta a Germ\u00e1n Grolimund por sus 17 a\u00f1os de liderazgo en la filial rosense. Asimismo, Federico Brussa, presidente de Trebolense, destac\u00f3 el aporte econ\u00f3mico que la mutual brinda al club, esencial para sus proyectos deportivos.<\/p>\n\n\n\n<p>El inmueble, dise\u00f1ado con boxes privados y \u00e1reas de atenci\u00f3n accesibles, busca agilizar tr\u00e1mites y ampliar la cartera de productos \u2014desde cr\u00e9ditos hasta servicios digitales\u2014 ofreciendo mayor privacidad y confort a los usuarios.<\/p>\n\n\n\n<p><\/p>\n","protected":false},"excerpt":{"rendered":"<p>Con la presencia de dirigente de la Federaci\u00f3n Santafesina de Entidades Mutualistas Brigadier L\u00f3pez, la Mutual del Club Atl\u00e9tico Trebolense (Mutual CAT) inaugur\u00f3 el pasado martes 8 de julio de 2025 su moderno edificio propio en pleno centro de Las Rosas, acompa\u00f1ada por m\u00e1s de un centenar de asociados, comerciantes y el intendente Javier Meier.<\/p>\n","protected":false},"author":1,"featured_media":0,"comment_status":"open","ping_status":"open","sticky":false,"template":"","format":"standard","meta":{"footnotes":""},"categories":[1],"tags":[],"class_list":["post-640","post","type-post","status-publish","format-standard","hentry","category-uncategorized"],"_links":{"self":[{"href":"https:\/\/fesaem.com.ar\/index.php?rest_route=\/wp\/v2\/posts\/640","targetHints":{"allow":["GET"]}}],"collection":[{"href":"https:\/\/fesaem.com.ar\/index.php?rest_route=\/wp\/v2\/posts"}],"about":[{"href":"https:\/\/fesaem.com.ar\/index.php?rest_route=\/wp\/v2\/types\/post"}],"author":[{"embeddable":true,"href":"https:\/\/fesaem.com.ar\/index.php?rest_route=\/wp\/v2\/users\/1"}],"replies":[{"embeddable":true,"href":"https:\/\/fesaem.com.ar\/index.php?rest_route=%2Fwp%2Fv2%2Fcomments&post=640"}],"version-history":[{"count":4,"href":"https:\/\/fesaem.com.ar\/index.php?rest_route=\/wp\/v2\/posts\/640\/revisions"}],"predecessor-version":[{"id":649,"href":"https:\/\/fesaem.com.ar\/index.php?rest_route=\/wp\/v2\/posts\/640\/revisions\/649"}],"wp:attachment":[{"href":"https:\/\/fesaem.com.ar\/index.php?rest_route=%2Fwp%2Fv2%2Fmedia&parent=640"}],"wp:term":[{"taxonomy":"category","embeddable":true,"href":"https:\/\/fesaem.com.ar\/index.php?rest_route=%2Fwp%2Fv2%2Fcategories&post=640"},{"taxonomy":"post_tag","embeddable":true,"href":"https:\/\/fesaem.com.ar\/index.php?rest_route=%2Fwp%2Fv2%2Ftags&post=640"}],"curies":[{"name":"wp","href":"https:\/\/api.w.org\/{rel}","templated":true}]}}