{"id":652,"date":"2025-07-24T14:53:44","date_gmt":"2025-07-24T14:53:44","guid":{"rendered":"https:\/\/fesaem.com.ar\/?p=652"},"modified":"2025-07-24T14:53:44","modified_gmt":"2025-07-24T14:53:44","slug":"acceso-equitativo-a-la-salud-y-medicamentos-dirigentes-de-la-fesaem-participaron-del-congreso-internacional-de-mutualismo-en-salud","status":"publish","type":"post","link":"https:\/\/fesaem.com.ar\/?p=652","title":{"rendered":"ACCESO EQUITATIVO A LA SALUD Y MEDICAMENTOS: DIRIGENTES DE LA FESAEM PARTICIPARON DEL CONGRESO INTERNACIONAL DE MUTUALISMO EN SALUD"},"content":{"rendered":"\n<figure class=\"wp-block-image size-large\"><img loading=\"lazy\" decoding=\"async\" width=\"1024\" height=\"683\" src=\"https:\/\/fesaem.com.ar\/wp-content\/uploads\/2025\/07\/01-1024x683.jpg\" alt=\"\" class=\"wp-image-653\" srcset=\"https:\/\/fesaem.com.ar\/wp-content\/uploads\/2025\/07\/01-1024x683.jpg 1024w, https:\/\/fesaem.com.ar\/wp-content\/uploads\/2025\/07\/01-300x200.jpg 300w, https:\/\/fesaem.com.ar\/wp-content\/uploads\/2025\/07\/01-768x512.jpg 768w, https:\/\/fesaem.com.ar\/wp-content\/uploads\/2025\/07\/01.jpg 1065w\" sizes=\"auto, (max-width: 1024px) 100vw, 1024px\" \/><\/figure>\n\n\n\n<p><strong>La Federaci\u00f3n Santafesina de Entidades Mutualistas Brigadier General Estanislao L\u00f3pez (FESAEM) particip\u00f3 activamente del Congreso Internacional de Mutualismo en Salud, celebrado este 22 de julio en el Auditorio del C\u00edrculo de Oficiales de Mar (CABA), un foro clave para debatir el acceso equitativo a la salud y a los medicamentos.<\/strong><\/p>\n\n\n\n<!--more-->\n\n\n\n<p>El encuentro, organizado por la Confederaci\u00f3n Argentina de Mutualidades (CAM) y respaldado por INAES, FAMSA y la Asociaci\u00f3n Internacional de la Mutualidad (AIM), congreg\u00f3 a referentes de Europa, Latinoam\u00e9rica y \u00c1frica. En representaci\u00f3n de FESAEM asistieron su presidente Gustavo Bernay y secretario ejecutivo, Oscar Rosas, quienes acompa\u00f1aron a sus pares del consejo directivo en la CAM, Narciso Carrizo y Carlos Ghisolfo. Paneles con expertos internacionales, la presentaci\u00f3n de la Calculadora de Precios Justos de Medicamentos y el lanzamiento de un libro sobre la historia y futuro del mutualismo en salud articularon la agenda del d\u00eda.<\/p>\n\n\n\n<figure class=\"wp-block-gallery has-nested-images columns-default is-cropped wp-block-gallery-1 is-layout-flex wp-block-gallery-is-layout-flex\">\n<figure class=\"wp-block-image size-large\"><img loading=\"lazy\" decoding=\"async\" width=\"1024\" height=\"683\" data-id=\"654\" src=\"https:\/\/fesaem.com.ar\/wp-content\/uploads\/2025\/07\/04-1024x683.jpg\" alt=\"\" class=\"wp-image-654\" srcset=\"https:\/\/fesaem.com.ar\/wp-content\/uploads\/2025\/07\/04-1024x683.jpg 1024w, https:\/\/fesaem.com.ar\/wp-content\/uploads\/2025\/07\/04-300x200.jpg 300w, https:\/\/fesaem.com.ar\/wp-content\/uploads\/2025\/07\/04-768x512.jpg 768w, https:\/\/fesaem.com.ar\/wp-content\/uploads\/2025\/07\/04.jpg 1065w\" sizes=\"auto, (max-width: 1024px) 100vw, 1024px\" \/><\/figure>\n\n\n\n<figure class=\"wp-block-image size-large\"><img loading=\"lazy\" decoding=\"async\" width=\"1024\" height=\"683\" data-id=\"655\" src=\"https:\/\/fesaem.com.ar\/wp-content\/uploads\/2025\/07\/02-1024x683.jpg\" alt=\"\" class=\"wp-image-655\" srcset=\"https:\/\/fesaem.com.ar\/wp-content\/uploads\/2025\/07\/02-1024x683.jpg 1024w, https:\/\/fesaem.com.ar\/wp-content\/uploads\/2025\/07\/02-300x200.jpg 300w, https:\/\/fesaem.com.ar\/wp-content\/uploads\/2025\/07\/02-768x512.jpg 768w, https:\/\/fesaem.com.ar\/wp-content\/uploads\/2025\/07\/02.jpg 1065w\" sizes=\"auto, (max-width: 1024px) 100vw, 1024px\" \/><\/figure>\n\n\n\n<figure class=\"wp-block-image size-large\"><img loading=\"lazy\" decoding=\"async\" width=\"1024\" height=\"683\" data-id=\"656\" src=\"https:\/\/fesaem.com.ar\/wp-content\/uploads\/2025\/07\/03-1024x683.jpg\" alt=\"\" class=\"wp-image-656\" srcset=\"https:\/\/fesaem.com.ar\/wp-content\/uploads\/2025\/07\/03-1024x683.jpg 1024w, https:\/\/fesaem.com.ar\/wp-content\/uploads\/2025\/07\/03-300x200.jpg 300w, https:\/\/fesaem.com.ar\/wp-content\/uploads\/2025\/07\/03-768x512.jpg 768w, https:\/\/fesaem.com.ar\/wp-content\/uploads\/2025\/07\/03.jpg 1065w\" sizes=\"auto, (max-width: 1024px) 100vw, 1024px\" \/><\/figure>\n<\/figure>\n\n\n\n<p><strong>En la apertura, Alejandro Russo (CAM) subray\u00f3 que las mutuales de salud argentinas brindan cobertura a m\u00e1s del 40 % de la poblaci\u00f3n, mientras que Marcelo Collomb (INAES) destac\u00f3 el rol de la econom\u00eda social en la sostenibilidad del sistema sanitario. Las exposiciones de Fernando Garc\u00eda (Asociaci\u00f3n Espa\u00f1ola de Uruguay) y del cardi\u00f3logo Sergio Horis Del Prete profundizaron en modelos exitosos de gesti\u00f3n y en los desaf\u00edos de los medicamentos de alto costo.<\/strong><\/p>\n\n\n\n<figure class=\"wp-block-gallery has-nested-images columns-default is-cropped wp-block-gallery-2 is-layout-flex wp-block-gallery-is-layout-flex\">\n<figure class=\"wp-block-image size-large\"><img loading=\"lazy\" decoding=\"async\" width=\"1024\" height=\"683\" data-id=\"658\" src=\"https:\/\/fesaem.com.ar\/wp-content\/uploads\/2025\/07\/08-1024x683.jpg\" alt=\"\" class=\"wp-image-658\" srcset=\"https:\/\/fesaem.com.ar\/wp-content\/uploads\/2025\/07\/08-1024x683.jpg 1024w, https:\/\/fesaem.com.ar\/wp-content\/uploads\/2025\/07\/08-300x200.jpg 300w, https:\/\/fesaem.com.ar\/wp-content\/uploads\/2025\/07\/08-768x512.jpg 768w, https:\/\/fesaem.com.ar\/wp-content\/uploads\/2025\/07\/08.jpg 1065w\" sizes=\"auto, (max-width: 1024px) 100vw, 1024px\" \/><\/figure>\n\n\n\n<figure class=\"wp-block-image size-large\"><img loading=\"lazy\" decoding=\"async\" width=\"1024\" height=\"682\" data-id=\"659\" src=\"https:\/\/fesaem.com.ar\/wp-content\/uploads\/2025\/07\/06-1024x682.jpg\" alt=\"\" class=\"wp-image-659\" srcset=\"https:\/\/fesaem.com.ar\/wp-content\/uploads\/2025\/07\/06-1024x682.jpg 1024w, https:\/\/fesaem.com.ar\/wp-content\/uploads\/2025\/07\/06-300x200.jpg 300w, https:\/\/fesaem.com.ar\/wp-content\/uploads\/2025\/07\/06-768x511.jpg 768w, https:\/\/fesaem.com.ar\/wp-content\/uploads\/2025\/07\/06.jpg 1440w\" sizes=\"auto, (max-width: 1024px) 100vw, 1024px\" \/><\/figure>\n\n\n\n<figure class=\"wp-block-image size-large\"><img loading=\"lazy\" decoding=\"async\" width=\"1024\" height=\"683\" data-id=\"657\" src=\"https:\/\/fesaem.com.ar\/wp-content\/uploads\/2025\/07\/07-1024x683.jpg\" alt=\"\" class=\"wp-image-657\" srcset=\"https:\/\/fesaem.com.ar\/wp-content\/uploads\/2025\/07\/07-1024x683.jpg 1024w, https:\/\/fesaem.com.ar\/wp-content\/uploads\/2025\/07\/07-300x200.jpg 300w, https:\/\/fesaem.com.ar\/wp-content\/uploads\/2025\/07\/07-768x512.jpg 768w, https:\/\/fesaem.com.ar\/wp-content\/uploads\/2025\/07\/07.jpg 1065w\" sizes=\"auto, (max-width: 1024px) 100vw, 1024px\" \/><\/figure>\n<\/figure>\n\n\n\n<p>Las experiencias de pol\u00edticas de salud en Pa\u00edses Bajos, Francia, Luxemburgo, Suiza, B\u00e9lgica y naciones africanas reforzaron la idea de que el mutualismo puede ofrecer soluciones solidarias y eficientes. Para Bernay, la presencia santafesina \u201cratifica el compromiso de nuestra federaci\u00f3n con una salud que no deje a nadie afuera\u201d, mientras que Rosas valor\u00f3 el intercambio t\u00e9cnico como insumo para futuras regulaciones.<\/p>\n\n\n\n<figure class=\"wp-block-gallery has-nested-images columns-default is-cropped wp-block-gallery-3 is-layout-flex wp-block-gallery-is-layout-flex\">\n<figure class=\"wp-block-image size-large\"><img loading=\"lazy\" decoding=\"async\" width=\"1024\" height=\"683\" data-id=\"661\" src=\"https:\/\/fesaem.com.ar\/wp-content\/uploads\/2025\/07\/09-1024x683.jpg\" alt=\"\" class=\"wp-image-661\" srcset=\"https:\/\/fesaem.com.ar\/wp-content\/uploads\/2025\/07\/09-1024x683.jpg 1024w, https:\/\/fesaem.com.ar\/wp-content\/uploads\/2025\/07\/09-300x200.jpg 300w, https:\/\/fesaem.com.ar\/wp-content\/uploads\/2025\/07\/09-768x512.jpg 768w, https:\/\/fesaem.com.ar\/wp-content\/uploads\/2025\/07\/09.jpg 1065w\" sizes=\"auto, (max-width: 1024px) 100vw, 1024px\" \/><\/figure>\n\n\n\n<figure class=\"wp-block-image size-large\"><img loading=\"lazy\" decoding=\"async\" width=\"1024\" height=\"683\" data-id=\"662\" src=\"https:\/\/fesaem.com.ar\/wp-content\/uploads\/2025\/07\/10-1024x683.jpg\" alt=\"\" class=\"wp-image-662\" srcset=\"https:\/\/fesaem.com.ar\/wp-content\/uploads\/2025\/07\/10-1024x683.jpg 1024w, https:\/\/fesaem.com.ar\/wp-content\/uploads\/2025\/07\/10-300x200.jpg 300w, https:\/\/fesaem.com.ar\/wp-content\/uploads\/2025\/07\/10-768x512.jpg 768w, https:\/\/fesaem.com.ar\/wp-content\/uploads\/2025\/07\/10.jpg 1065w\" sizes=\"auto, (max-width: 1024px) 100vw, 1024px\" \/><\/figure>\n\n\n\n<figure class=\"wp-block-image size-large\"><img loading=\"lazy\" decoding=\"async\" width=\"1024\" height=\"683\" data-id=\"660\" src=\"https:\/\/fesaem.com.ar\/wp-content\/uploads\/2025\/07\/unnamed-file-1024x683.jpg\" alt=\"\" class=\"wp-image-660\" srcset=\"https:\/\/fesaem.com.ar\/wp-content\/uploads\/2025\/07\/unnamed-file-1024x683.jpg 1024w, https:\/\/fesaem.com.ar\/wp-content\/uploads\/2025\/07\/unnamed-file-300x200.jpg 300w, https:\/\/fesaem.com.ar\/wp-content\/uploads\/2025\/07\/unnamed-file-768x512.jpg 768w, https:\/\/fesaem.com.ar\/wp-content\/uploads\/2025\/07\/unnamed-file.jpg 1065w\" sizes=\"auto, (max-width: 1024px) 100vw, 1024px\" \/><\/figure>\n<\/figure>\n\n\n\n<p>El congreso cerr\u00f3 con la firma de una declaraci\u00f3n conjunta que insta a los Estados a reconocer el papel estrat\u00e9gico de las mutuales en la cobertura sanitaria y a promover marcos que faciliten el acceso universal a tratamientos esenciales. Con este paso, Buenos Aires se consolida como punto de referencia regional para una agenda sanitaria basada en la solidaridad y la equidad.<\/p>\n","protected":false},"excerpt":{"rendered":"<p>La Federaci\u00f3n Santafesina de Entidades Mutualistas Brigadier General Estanislao L\u00f3pez (FESAEM) particip\u00f3 activamente del Congreso Internacional de Mutualismo en Salud, celebrado este 22 de julio en el Auditorio del C\u00edrculo de Oficiales de Mar (CABA), un foro clave para debatir el acceso equitativo a la salud y a los medicamentos.<\/p>\n","protected":false},"author":1,"featured_media":0,"comment_status":"open","ping_status":"open","sticky":false,"template":"","format":"standard","meta":{"footnotes":""},"categories":[1],"tags":[],"class_list":["post-652","post","type-post","status-publish","format-standard","hentry","category-uncategorized"],"_links":{"self":[{"href":"https:\/\/fesaem.com.ar\/index.php?rest_route=\/wp\/v2\/posts\/652","targetHints":{"allow":["GET"]}}],"collection":[{"href":"https:\/\/fesaem.com.ar\/index.php?rest_route=\/wp\/v2\/posts"}],"about":[{"href":"https:\/\/fesaem.com.ar\/index.php?rest_route=\/wp\/v2\/types\/post"}],"author":[{"embeddable":true,"href":"https:\/\/fesaem.com.ar\/index.php?rest_route=\/wp\/v2\/users\/1"}],"replies":[{"embeddable":true,"href":"https:\/\/fesaem.com.ar\/index.php?rest_route=%2Fwp%2Fv2%2Fcomments&post=652"}],"version-history":[{"count":1,"href":"https:\/\/fesaem.com.ar\/index.php?rest_route=\/wp\/v2\/posts\/652\/revisions"}],"predecessor-version":[{"id":663,"href":"https:\/\/fesaem.com.ar\/index.php?rest_route=\/wp\/v2\/posts\/652\/revisions\/663"}],"wp:attachment":[{"href":"https:\/\/fesaem.com.ar\/index.php?rest_route=%2Fwp%2Fv2%2Fmedia&parent=652"}],"wp:term":[{"taxonomy":"category","embeddable":true,"href":"https:\/\/fesaem.com.ar\/index.php?rest_route=%2Fwp%2Fv2%2Fcategories&post=652"},{"taxonomy":"post_tag","embeddable":true,"href":"https:\/\/fesaem.com.ar\/index.php?rest_route=%2Fwp%2Fv2%2Ftags&post=652"}],"curies":[{"name":"wp","href":"https:\/\/api.w.org\/{rel}","templated":true}]}}