{"id":664,"date":"2025-07-25T00:51:32","date_gmt":"2025-07-25T00:51:32","guid":{"rendered":"https:\/\/fesaem.com.ar\/?p=664"},"modified":"2025-07-25T00:51:32","modified_gmt":"2025-07-25T00:51:32","slug":"romang-fesaem-celebra-los-35-anos-de-la-mutual-romang-futbol-club-con-un-presente-institucional","status":"publish","type":"post","link":"https:\/\/fesaem.com.ar\/?p=664","title":{"rendered":"ROMANG: FESAEM CELEBRA LOS 35 A\u00d1OS DE LA MUTUAL ROMANG F\u00daTBOL CLUB CON UN PRESENTE INSTITUCIONAL"},"content":{"rendered":"\n<figure class=\"wp-block-image size-large\"><img loading=\"lazy\" decoding=\"async\" width=\"1024\" height=\"640\" src=\"https:\/\/fesaem.com.ar\/wp-content\/uploads\/2025\/07\/EDICION-DE-FOTOS-2025-07-24T210841.067-1024x640.png\" alt=\"\" class=\"wp-image-665\" srcset=\"https:\/\/fesaem.com.ar\/wp-content\/uploads\/2025\/07\/EDICION-DE-FOTOS-2025-07-24T210841.067-1024x640.png 1024w, https:\/\/fesaem.com.ar\/wp-content\/uploads\/2025\/07\/EDICION-DE-FOTOS-2025-07-24T210841.067-300x188.png 300w, https:\/\/fesaem.com.ar\/wp-content\/uploads\/2025\/07\/EDICION-DE-FOTOS-2025-07-24T210841.067-768x480.png 768w, https:\/\/fesaem.com.ar\/wp-content\/uploads\/2025\/07\/EDICION-DE-FOTOS-2025-07-24T210841.067.png 1200w\" sizes=\"auto, (max-width: 1024px) 100vw, 1024px\" \/><\/figure>\n\n\n\n<p><strong>La Asociaci\u00f3n Mutual de Ayuda entre Asociados y Adherentes de Romang F\u00fatbol Club cumpli\u00f3 35 a\u00f1os de servicio solidario y recibi\u00f3 la visita protocolar de Gustavo Bernay, presidente de la Federaci\u00f3n Santafesina de Entidades Mutualistas Brigadier General Estanislao L\u00f3pez (FESAEM), quien entreg\u00f3 un presente conmemorativo a las autoridades locales.<\/strong><\/p>\n\n\n\n<!--more-->\n\n\n\n<p>En una visita realizada este mi\u00e9rcoles 23 de julio, Bernay recorri\u00f3 las instalaciones de la sede central de la entidad mutual, ubicada en calle Moreno 1157, y destac\u00f3 \u201cel compromiso sostenido de la Mutual Romang con el desarrollo regional\u201d. El presente fue recibido por Alberto Enrique Bieri y marc\u00f3 un gesto concreto de la federaci\u00f3n para reforzar los lazos institucionales y celebrar la trayectoria iniciada en 1990.<\/p>\n\n\n\n<p><strong>Durante la visita del directivo de la FESAEM, el gerente general de la mutual Roman y tesorero de la federaci\u00f3n de entidades mutualistas, Alberto Bieri, subray\u00f3 que desde hace \u201c35 a\u00f1os impulsamos los proyectos de nuestros asociados, buscando siempre la mejor opci\u00f3n para acompa\u00f1arlos\u201d. Bernay entreg\u00f3 una plaqueta alusiva y valor\u00f3 la gesti\u00f3n local \u201ccomo ejemplo de eficiencia y cercan\u00eda en la econom\u00eda social santafesina\u201d.<\/strong><\/p>\n\n\n\n<figure class=\"wp-block-image size-large\"><img loading=\"lazy\" decoding=\"async\" width=\"1024\" height=\"640\" src=\"https:\/\/fesaem.com.ar\/wp-content\/uploads\/2025\/07\/EDICION-DE-FOTOS-2025-07-24T210918.028-1024x640.png\" alt=\"\" class=\"wp-image-666\" srcset=\"https:\/\/fesaem.com.ar\/wp-content\/uploads\/2025\/07\/EDICION-DE-FOTOS-2025-07-24T210918.028-1024x640.png 1024w, https:\/\/fesaem.com.ar\/wp-content\/uploads\/2025\/07\/EDICION-DE-FOTOS-2025-07-24T210918.028-300x188.png 300w, https:\/\/fesaem.com.ar\/wp-content\/uploads\/2025\/07\/EDICION-DE-FOTOS-2025-07-24T210918.028-768x480.png 768w, https:\/\/fesaem.com.ar\/wp-content\/uploads\/2025\/07\/EDICION-DE-FOTOS-2025-07-24T210918.028.png 1200w\" sizes=\"auto, (max-width: 1024px) 100vw, 1024px\" \/><\/figure>\n\n\n\n<p>Fundada el 23 de julio de 1990, la Mutual Romang FC naci\u00f3 gracias al empuje de un grupo de vecinos que apost\u00f3 a un modelo de ayuda rec\u00edproca. Aquella iniciativa se consolid\u00f3 con una moderna planta edilicia en la ciudad y un abanico de servicios financieros y sociales que hoy benefician diariamente a miles de asociados.<\/p>\n\n\n\n<p>La expansi\u00f3n tambi\u00e9n se refleja en una red de siete sucursales estrat\u00e9gicamente distribuidas en Malabrigo, Reconquista, Margarita, Villa Ocampo, Avellaneda, Las Toscas y Santa Fe capital, lo que la convierte en una de las entidades de mayor alcance en el norte provincial.<\/p>\n","protected":false},"excerpt":{"rendered":"<p>La Asociaci\u00f3n Mutual de Ayuda entre Asociados y Adherentes de Romang F\u00fatbol Club cumpli\u00f3 35 a\u00f1os de servicio solidario y recibi\u00f3 la visita protocolar de Gustavo Bernay, presidente de la Federaci\u00f3n Santafesina de Entidades Mutualistas Brigadier General Estanislao L\u00f3pez (FESAEM), quien entreg\u00f3 un presente conmemorativo a las autoridades locales.<\/p>\n","protected":false},"author":1,"featured_media":0,"comment_status":"open","ping_status":"open","sticky":false,"template":"","format":"standard","meta":{"footnotes":""},"categories":[1],"tags":[],"class_list":["post-664","post","type-post","status-publish","format-standard","hentry","category-uncategorized"],"_links":{"self":[{"href":"https:\/\/fesaem.com.ar\/index.php?rest_route=\/wp\/v2\/posts\/664","targetHints":{"allow":["GET"]}}],"collection":[{"href":"https:\/\/fesaem.com.ar\/index.php?rest_route=\/wp\/v2\/posts"}],"about":[{"href":"https:\/\/fesaem.com.ar\/index.php?rest_route=\/wp\/v2\/types\/post"}],"author":[{"embeddable":true,"href":"https:\/\/fesaem.com.ar\/index.php?rest_route=\/wp\/v2\/users\/1"}],"replies":[{"embeddable":true,"href":"https:\/\/fesaem.com.ar\/index.php?rest_route=%2Fwp%2Fv2%2Fcomments&post=664"}],"version-history":[{"count":1,"href":"https:\/\/fesaem.com.ar\/index.php?rest_route=\/wp\/v2\/posts\/664\/revisions"}],"predecessor-version":[{"id":667,"href":"https:\/\/fesaem.com.ar\/index.php?rest_route=\/wp\/v2\/posts\/664\/revisions\/667"}],"wp:attachment":[{"href":"https:\/\/fesaem.com.ar\/index.php?rest_route=%2Fwp%2Fv2%2Fmedia&parent=664"}],"wp:term":[{"taxonomy":"category","embeddable":true,"href":"https:\/\/fesaem.com.ar\/index.php?rest_route=%2Fwp%2Fv2%2Fcategories&post=664"},{"taxonomy":"post_tag","embeddable":true,"href":"https:\/\/fesaem.com.ar\/index.php?rest_route=%2Fwp%2Fv2%2Ftags&post=664"}],"curies":[{"name":"wp","href":"https:\/\/api.w.org\/{rel}","templated":true}]}}