{"id":668,"date":"2025-07-26T22:05:31","date_gmt":"2025-07-26T22:05:31","guid":{"rendered":"https:\/\/fesaem.com.ar\/?p=668"},"modified":"2025-07-26T22:05:31","modified_gmt":"2025-07-26T22:05:31","slug":"desde-la-fesaem-saludamos-a-la-mutual-del-club-atletico-sastre-mutual-social-y-deportiva-por-su-38-o-aniversario","status":"publish","type":"post","link":"https:\/\/fesaem.com.ar\/?p=668","title":{"rendered":"DESDE LA FESAEM SALUDAMOS A LA MUTUAL DEL CLUB ATL\u00c9TICO SASTRE \u2013 MUTUAL SOCIAL Y DEPORTIVA POR SU 38.\u00ba ANIVERSARIO"},"content":{"rendered":"\n<figure class=\"wp-block-image size-large\"><img loading=\"lazy\" decoding=\"async\" width=\"1024\" height=\"640\" src=\"https:\/\/fesaem.com.ar\/wp-content\/uploads\/2025\/07\/EDICION-DE-FOTOS-2025-07-26T183236.953-1024x640.png\" alt=\"\" class=\"wp-image-669\" srcset=\"https:\/\/fesaem.com.ar\/wp-content\/uploads\/2025\/07\/EDICION-DE-FOTOS-2025-07-26T183236.953-1024x640.png 1024w, https:\/\/fesaem.com.ar\/wp-content\/uploads\/2025\/07\/EDICION-DE-FOTOS-2025-07-26T183236.953-300x188.png 300w, https:\/\/fesaem.com.ar\/wp-content\/uploads\/2025\/07\/EDICION-DE-FOTOS-2025-07-26T183236.953-768x480.png 768w, https:\/\/fesaem.com.ar\/wp-content\/uploads\/2025\/07\/EDICION-DE-FOTOS-2025-07-26T183236.953.png 1200w\" sizes=\"auto, (max-width: 1024px) 100vw, 1024px\" \/><\/figure>\n\n\n\n<p><strong>El Consejo Directivo de la Federaci\u00f3n Santafesina de Entidades Mutualistas \u201cBrigadier General Estanislao L\u00f3pez\u201d (FESAEM) saluda cordialmente a sus pares de la Mutual del Club Atl\u00e9tico Sastre \u2013 Mutual Social y Deportiva con motivo de su 38.\u00ba aniversario, celebrado el pasado mi\u00e9rcoles 23 de julio.<\/strong><\/p>\n\n\n\n<!--more-->\n\n\n\n<p>En nombre de todas las mutuales federadas, hacemos llegar nuestras m\u00e1s c\u00e1lidas felicitaciones y el reconocimiento a la trayectoria que han construido desde 1987, sustentando el desarrollo social y econ\u00f3mico de la comunidad sastrense. Que este nuevo hito renueve el compromiso solidario que nos une.<\/p>\n\n\n\n<p><strong>Rese\u00f1a hist\u00f3rica (1987 &#8211; 2025)<\/strong><br><strong>-Nacimiento (23 de julio de 1987). <\/strong>Bajo la presidencia de Alfredo Quiroga, se crea una mutual independiente del club para optimizar la gesti\u00f3n financiera y social.<\/p>\n\n\n\n<p><strong>-Primeras oficinas. Funciona en Av. Belgrano 2053; <\/strong>el r\u00e1pido crecimiento obliga a mudar la sede a Emilio Ortiz y 25 de Mayo (inmueble de la Sociedad Italiana).<\/p>\n\n\n\n<p><strong>-Sede propia (1990-1991). <\/strong>Se adquiere la propiedad frente a Plaza Independencia (Sucesi\u00f3n Falco) y se inaugura oficialmente el 1.\u00ba de junio de 1991, compartiendo predio con la Cooperativa de Servicios P\u00fablicos.<\/p>\n\n\n\n<p><strong>-Servicios insignia. <\/strong>El mismo a\u00f1o se lanza la tarjeta CrediCas, seguida del servicio de sepelio que garantiza cobertura f\u00fanebre a los socios.<\/p>\n\n\n\n<p><strong>-Fusi\u00f3n hist\u00f3rica (3 de septiembre de 1991). <\/strong>La Asamblea General Extraordinaria decide unificar la mutual con el club, creando la Asociaci\u00f3n Mutual \u201cClub Atl\u00e9tico Sastre Mutual Social y Deportiva\u201d.<\/p>\n\n\n\n<p><strong>-Expansi\u00f3n integral.<\/strong> Hoy ofrece ayuda econ\u00f3mica, l\u00edneas de ahorro, enfermer\u00eda a domicilio, pr\u00e9stamos gratuitos de elementos ortop\u00e9dicos y la consolidada CrediCas, posicion\u00e1ndose como actor clave en la vida social y econ\u00f3mica de Sastre.<\/p>\n\n\n\n<p>Con 38 a\u00f1os de logros, desaf\u00edos y servicio, la Mutual del Club Atl\u00e9tico Sastre contin\u00faa siendo un ejemplo de solidaridad y gesti\u00f3n eficiente en el mutualismo santafesino. \u00a1Por muchos aniversarios m\u00e1s!<\/p>\n","protected":false},"excerpt":{"rendered":"<p>El Consejo Directivo de la Federaci\u00f3n Santafesina de Entidades Mutualistas \u201cBrigadier General Estanislao L\u00f3pez\u201d (FESAEM) saluda cordialmente a sus pares de la Mutual del Club Atl\u00e9tico Sastre \u2013 Mutual Social y Deportiva con motivo de su 38.\u00ba aniversario, celebrado el pasado mi\u00e9rcoles 23 de julio.<\/p>\n","protected":false},"author":1,"featured_media":0,"comment_status":"open","ping_status":"open","sticky":false,"template":"","format":"standard","meta":{"footnotes":""},"categories":[1],"tags":[],"class_list":["post-668","post","type-post","status-publish","format-standard","hentry","category-uncategorized"],"_links":{"self":[{"href":"https:\/\/fesaem.com.ar\/index.php?rest_route=\/wp\/v2\/posts\/668","targetHints":{"allow":["GET"]}}],"collection":[{"href":"https:\/\/fesaem.com.ar\/index.php?rest_route=\/wp\/v2\/posts"}],"about":[{"href":"https:\/\/fesaem.com.ar\/index.php?rest_route=\/wp\/v2\/types\/post"}],"author":[{"embeddable":true,"href":"https:\/\/fesaem.com.ar\/index.php?rest_route=\/wp\/v2\/users\/1"}],"replies":[{"embeddable":true,"href":"https:\/\/fesaem.com.ar\/index.php?rest_route=%2Fwp%2Fv2%2Fcomments&post=668"}],"version-history":[{"count":1,"href":"https:\/\/fesaem.com.ar\/index.php?rest_route=\/wp\/v2\/posts\/668\/revisions"}],"predecessor-version":[{"id":670,"href":"https:\/\/fesaem.com.ar\/index.php?rest_route=\/wp\/v2\/posts\/668\/revisions\/670"}],"wp:attachment":[{"href":"https:\/\/fesaem.com.ar\/index.php?rest_route=%2Fwp%2Fv2%2Fmedia&parent=668"}],"wp:term":[{"taxonomy":"category","embeddable":true,"href":"https:\/\/fesaem.com.ar\/index.php?rest_route=%2Fwp%2Fv2%2Fcategories&post=668"},{"taxonomy":"post_tag","embeddable":true,"href":"https:\/\/fesaem.com.ar\/index.php?rest_route=%2Fwp%2Fv2%2Ftags&post=668"}],"curies":[{"name":"wp","href":"https:\/\/api.w.org\/{rel}","templated":true}]}}