{"id":671,"date":"2025-07-26T22:17:22","date_gmt":"2025-07-26T22:17:22","guid":{"rendered":"https:\/\/fesaem.com.ar\/?p=671"},"modified":"2025-07-26T22:17:22","modified_gmt":"2025-07-26T22:17:22","slug":"prevencion-en-lavado-de-activos-la-fesaem-llevo-adelante-en-romang-una-capacitacion-para-dirigentes-mutualistas-en-normas-uif","status":"publish","type":"post","link":"https:\/\/fesaem.com.ar\/?p=671","title":{"rendered":"PREVENCI\u00d3N EN\u00a0 LAVADO DE ACTIVOS: LA FESAEM LLEV\u00d3 ADELANTE EN ROMANG UNA CAPACITACI\u00d3N PARA\u00a0 DIRIGENTES MUTUALISTAS EN NORMAS UIF"},"content":{"rendered":"\n<figure class=\"wp-block-image size-large\"><img loading=\"lazy\" decoding=\"async\" width=\"1024\" height=\"640\" src=\"https:\/\/fesaem.com.ar\/wp-content\/uploads\/2025\/07\/EDICION-DE-FOTOS-2025-07-26T185033.903-1024x640.png\" alt=\"\" class=\"wp-image-672\" srcset=\"https:\/\/fesaem.com.ar\/wp-content\/uploads\/2025\/07\/EDICION-DE-FOTOS-2025-07-26T185033.903-1024x640.png 1024w, https:\/\/fesaem.com.ar\/wp-content\/uploads\/2025\/07\/EDICION-DE-FOTOS-2025-07-26T185033.903-300x188.png 300w, https:\/\/fesaem.com.ar\/wp-content\/uploads\/2025\/07\/EDICION-DE-FOTOS-2025-07-26T185033.903-768x480.png 768w, https:\/\/fesaem.com.ar\/wp-content\/uploads\/2025\/07\/EDICION-DE-FOTOS-2025-07-26T185033.903.png 1200w\" sizes=\"auto, (max-width: 1024px) 100vw, 1024px\" \/><\/figure>\n\n\n\n<p><strong>La sede de la Asociaci\u00f3n Mutual de Ayuda entre Asociados y Adherentes de Romang F\u00fatbol Club fue punto de encuentro este viernes 25 de julio para una capacitaci\u00f3n obligatoria en Normas UIF, organizada por la Federaci\u00f3n Santafesina de Entidades Mutualistas Brigadier General Estanislao L\u00f3pez (FESAEM) y dirigida a dirigentes y trabajadores de mutuales de toda la regi\u00f3n norte santafesina.<\/strong><\/p>\n\n\n\n<!--more-->\n\n\n\n<p>El taller \u2014dictado por el <strong>Contador P\u00fablico Nacional Piero Bonino<\/strong>, especialista designado por la federaci\u00f3n\u2014 reuni\u00f3 a referentes de varias entidades para actualizarse en la reglamentaci\u00f3n que exige la <strong>Unidad de Informaci\u00f3n Financiera (UIF)<\/strong>: inscripci\u00f3n, debida diligencia, reporte de operaciones sospechosas y sistemas de prevenci\u00f3n que hoy equiparan a las mutuales con los principales sujetos obligados del sistema financiero.<\/p>\n\n\n\n<p><strong>En la apertura, el gerente general de la Mutual Romang y tesorero de FESAEM, Alberto Enrique Bieri, subray\u00f3 que \u201cestas jornadas son indispensables para cumplir con la normativa y fortalecer la transparencia del sector\u201d. Destac\u00f3 adem\u00e1s que la federaci\u00f3n viene replicando la misma formaci\u00f3n \u201cen el sur, el centro y ahora en el norte de la provincia\u201d para acercar contenidos a las entidades m\u00e1s alejadas de la capital.<\/strong><\/p>\n\n\n\n<p><strong>Bonino explic\u00f3 que el nuevo enfoque regulatorio \u201cno deja margen para la improvisaci\u00f3n\u201d e inst\u00f3 a los asistentes a implementar protocolos internos robustos que impidan que el sistema solidario sea utilizado con fines il\u00edcitos. La din\u00e1mica incluy\u00f3 ejemplos pr\u00e1cticos, an\u00e1lisis de casos y un espacio de consultas sobre las obligaciones de reporte.<\/strong><\/p>\n\n\n\n<p>La participaci\u00f3n de mutuales adheridas a FESAEM ratific\u00f3 el compromiso colectivo con la <strong>lucha contra el lavado de activos<\/strong> y la financiaci\u00f3n del terrorismo. Los asistentes coincidieron en que la capacitaci\u00f3n permanente \u201ces una inversi\u00f3n necesaria\u201d para resguardar la confianza de los socios y garantizar la sostenibilidad institucional.<\/p>\n\n\n\n<p>Al cierre, Bieri agradeci\u00f3 a la federaci\u00f3n por \u201cfacilitar el acceso a contenidos de calidad sin que los dirigentes deban viajar largas distancias\u201d y confirm\u00f3 que nuevas ediciones abordar\u00e1n auditor\u00edas internas y actualizaciones en firma digital, consolidando una agenda formativa que recorre cada rinc\u00f3n de la jurisdicci\u00f3n mutualista santafesina.<\/p>\n","protected":false},"excerpt":{"rendered":"<p>La sede de la Asociaci\u00f3n Mutual de Ayuda entre Asociados y Adherentes de Romang F\u00fatbol Club fue punto de encuentro este viernes 25 de julio para una capacitaci\u00f3n obligatoria en Normas UIF, organizada por la Federaci\u00f3n Santafesina de Entidades Mutualistas Brigadier General Estanislao L\u00f3pez (FESAEM) y dirigida a dirigentes y trabajadores de mutuales de toda [&hellip;]<\/p>\n","protected":false},"author":1,"featured_media":0,"comment_status":"open","ping_status":"open","sticky":false,"template":"","format":"standard","meta":{"footnotes":""},"categories":[1],"tags":[],"class_list":["post-671","post","type-post","status-publish","format-standard","hentry","category-uncategorized"],"_links":{"self":[{"href":"https:\/\/fesaem.com.ar\/index.php?rest_route=\/wp\/v2\/posts\/671","targetHints":{"allow":["GET"]}}],"collection":[{"href":"https:\/\/fesaem.com.ar\/index.php?rest_route=\/wp\/v2\/posts"}],"about":[{"href":"https:\/\/fesaem.com.ar\/index.php?rest_route=\/wp\/v2\/types\/post"}],"author":[{"embeddable":true,"href":"https:\/\/fesaem.com.ar\/index.php?rest_route=\/wp\/v2\/users\/1"}],"replies":[{"embeddable":true,"href":"https:\/\/fesaem.com.ar\/index.php?rest_route=%2Fwp%2Fv2%2Fcomments&post=671"}],"version-history":[{"count":1,"href":"https:\/\/fesaem.com.ar\/index.php?rest_route=\/wp\/v2\/posts\/671\/revisions"}],"predecessor-version":[{"id":673,"href":"https:\/\/fesaem.com.ar\/index.php?rest_route=\/wp\/v2\/posts\/671\/revisions\/673"}],"wp:attachment":[{"href":"https:\/\/fesaem.com.ar\/index.php?rest_route=%2Fwp%2Fv2%2Fmedia&parent=671"}],"wp:term":[{"taxonomy":"category","embeddable":true,"href":"https:\/\/fesaem.com.ar\/index.php?rest_route=%2Fwp%2Fv2%2Fcategories&post=671"},{"taxonomy":"post_tag","embeddable":true,"href":"https:\/\/fesaem.com.ar\/index.php?rest_route=%2Fwp%2Fv2%2Ftags&post=671"}],"curies":[{"name":"wp","href":"https:\/\/api.w.org\/{rel}","templated":true}]}}