{"id":674,"date":"2025-07-29T14:26:09","date_gmt":"2025-07-29T14:26:09","guid":{"rendered":"https:\/\/fesaem.com.ar\/?p=674"},"modified":"2025-07-29T14:26:09","modified_gmt":"2025-07-29T14:26:09","slug":"reforma-de-la-constitucion-provincial-representantes-de-la-fesaem-junto-a-cooperativistas-expusieron-la-necesidad-de-dar-rango-constitucional-a-la-economia-social","status":"publish","type":"post","link":"https:\/\/fesaem.com.ar\/?p=674","title":{"rendered":"REFORMA DE LA CONSTITUCI\u00d3N PROVINCIAL: REPRESENTANTES DE LA FESAEM JUNTO A COOPERATIVISTAS EXPUSIERON LA NECESIDAD DE DAR RANGO CONSTITUCIONAL A LA ECONOM\u00cdA SOCIAL"},"content":{"rendered":"\n<figure class=\"wp-block-image size-large\"><img loading=\"lazy\" decoding=\"async\" width=\"1024\" height=\"640\" src=\"https:\/\/fesaem.com.ar\/wp-content\/uploads\/2025\/07\/EDICION-DE-FOTOS-2025-07-29T080935.328-1-1024x640.png\" alt=\"\" class=\"wp-image-676\" srcset=\"https:\/\/fesaem.com.ar\/wp-content\/uploads\/2025\/07\/EDICION-DE-FOTOS-2025-07-29T080935.328-1-1024x640.png 1024w, https:\/\/fesaem.com.ar\/wp-content\/uploads\/2025\/07\/EDICION-DE-FOTOS-2025-07-29T080935.328-1-300x188.png 300w, https:\/\/fesaem.com.ar\/wp-content\/uploads\/2025\/07\/EDICION-DE-FOTOS-2025-07-29T080935.328-1-768x480.png 768w, https:\/\/fesaem.com.ar\/wp-content\/uploads\/2025\/07\/EDICION-DE-FOTOS-2025-07-29T080935.328-1.png 1200w\" sizes=\"auto, (max-width: 1024px) 100vw, 1024px\" \/><\/figure>\n\n\n\n<p><strong>En el marco de la Convenci\u00f3n Constituyente de Santa Fe, la Comisi\u00f3n de Funcionamiento del Estado y Participaci\u00f3n Ciudadana recibi\u00f3 este lunes 28 a representantes del sector cooperativo y mutual, quienes defendieron un apartado espec\u00edfico en la nueva Carta Magna para la econom\u00eda social.<\/strong><\/p>\n\n\n\n<!--more-->\n\n\n\n<p>El encuentro tuvo lugar en el <strong>recinto de la C\u00e1mara de Diputados<\/strong>; asistieron <strong>Carlos Ghisolfo<\/strong> vicepresidente de <strong>Federaci\u00f3n de Mutuales Brigadier General Estanislao L\u00f3pez (FESAEM),<\/strong> <strong>Rosana Soto dirigente y <\/strong>delegada de la <strong>FESAEM <\/strong>en el consejo econ\u00f3mico social; <strong>Mar\u00eda Victoria Noriega<\/strong> por el sector cooperativo y el funcionario provincial <strong>Gonzalo Toselli<\/strong>. Presentaron el documento del <strong>Consejo Provincial de Asociativismo y Econom\u00eda Social<\/strong> que propone exenciones tributarias para actos cooperativos-mutuales, la creaci\u00f3n del <strong>Instituto Provincial de Asociativismo<\/strong> y el rango constitucional para el <strong>Consejo Econ\u00f3mico y Social<\/strong>, subrayando la necesidad de reconocer al sector como pilar del desarrollo productivo y la justicia social.<\/p>\n\n\n\n<figure class=\"wp-block-image size-large\"><img loading=\"lazy\" decoding=\"async\" width=\"1024\" height=\"640\" src=\"https:\/\/fesaem.com.ar\/wp-content\/uploads\/2025\/07\/EDICION-DE-FOTOS-2025-07-29T080340.274-1024x640.png\" alt=\"\" class=\"wp-image-677\" srcset=\"https:\/\/fesaem.com.ar\/wp-content\/uploads\/2025\/07\/EDICION-DE-FOTOS-2025-07-29T080340.274-1024x640.png 1024w, https:\/\/fesaem.com.ar\/wp-content\/uploads\/2025\/07\/EDICION-DE-FOTOS-2025-07-29T080340.274-300x188.png 300w, https:\/\/fesaem.com.ar\/wp-content\/uploads\/2025\/07\/EDICION-DE-FOTOS-2025-07-29T080340.274-768x480.png 768w, https:\/\/fesaem.com.ar\/wp-content\/uploads\/2025\/07\/EDICION-DE-FOTOS-2025-07-29T080340.274.png 1200w\" sizes=\"auto, (max-width: 1024px) 100vw, 1024px\" \/><\/figure>\n\n\n\n<p>Durante la sesi\u00f3n, presidida por la convencional <strong>Germana Figueroa Casas<\/strong>, se analiz\u00f3 incorporar en los art\u00edculos 5, 18 y 21 la defensa del bienestar, la protecci\u00f3n social y los servicios p\u00fablicos con participaci\u00f3n de cooperativas y mutuales. Los delegados tambi\u00e9n aportaron sobre mecanismos de democracia semidirecta, federalismo de concertaci\u00f3n <strong>y la figura del \u201checho no imponible\u201d para evitar grav\u00e1menes provinciales a la actividad solidaria.<\/strong><\/p>\n\n\n\n<p>\u201cEsta reforma es la oportunidad de plasmar la singularidad del <strong>mutualismo y el cooperativismo<\/strong> frente a otros modelos econ\u00f3micos\u201d, sostuvo <strong>Ghisolfo<\/strong>, mientras que <strong>Noriega<\/strong> enfatiz\u00f3 que la Constituci\u00f3n de Santa Fe debe declarar como<strong> \u201cun hecho no imponible y sin fines de lucro por su naturaleza\u201d<\/strong>. <strong>Soto<\/strong> agreg\u00f3 que el nuevo instituto permitir\u00eda \u201cunificar pol\u00edticas p\u00fablicas y agilizar tr\u00e1mites\u201d para m\u00e1s de 1400 entidades activas en la provincia.<\/p>\n\n\n\n<p>La comisi\u00f3n \u2014integrada por convencionales de <strong>Unidos para Cambiar Santa Fe, M\u00e1s para Santa Fe, La Libertad Avanza, Frente de la Esperanza y Activemos<\/strong>\u2014 seguir\u00e1 analizando las propuestas en las pr\u00f3ximas reuniones. El sector asociativo anticip\u00f3 que volver\u00e1 a exponer en las comisiones de Presupuesto y de Derechos Sociales para profundizar sus aportes a una <strong>Constituci\u00f3n santafesina moderna, inclusiva y solidaria<\/strong>.<\/p>\n","protected":false},"excerpt":{"rendered":"<p>En el marco de la Convenci\u00f3n Constituyente de Santa Fe, la Comisi\u00f3n de Funcionamiento del Estado y Participaci\u00f3n Ciudadana recibi\u00f3 este lunes 28 a representantes del sector cooperativo y mutual, quienes defendieron un apartado espec\u00edfico en la nueva Carta Magna para la econom\u00eda social.<\/p>\n","protected":false},"author":1,"featured_media":0,"comment_status":"open","ping_status":"open","sticky":false,"template":"","format":"standard","meta":{"footnotes":""},"categories":[1],"tags":[],"class_list":["post-674","post","type-post","status-publish","format-standard","hentry","category-uncategorized"],"_links":{"self":[{"href":"https:\/\/fesaem.com.ar\/index.php?rest_route=\/wp\/v2\/posts\/674","targetHints":{"allow":["GET"]}}],"collection":[{"href":"https:\/\/fesaem.com.ar\/index.php?rest_route=\/wp\/v2\/posts"}],"about":[{"href":"https:\/\/fesaem.com.ar\/index.php?rest_route=\/wp\/v2\/types\/post"}],"author":[{"embeddable":true,"href":"https:\/\/fesaem.com.ar\/index.php?rest_route=\/wp\/v2\/users\/1"}],"replies":[{"embeddable":true,"href":"https:\/\/fesaem.com.ar\/index.php?rest_route=%2Fwp%2Fv2%2Fcomments&post=674"}],"version-history":[{"count":1,"href":"https:\/\/fesaem.com.ar\/index.php?rest_route=\/wp\/v2\/posts\/674\/revisions"}],"predecessor-version":[{"id":678,"href":"https:\/\/fesaem.com.ar\/index.php?rest_route=\/wp\/v2\/posts\/674\/revisions\/678"}],"wp:attachment":[{"href":"https:\/\/fesaem.com.ar\/index.php?rest_route=%2Fwp%2Fv2%2Fmedia&parent=674"}],"wp:term":[{"taxonomy":"category","embeddable":true,"href":"https:\/\/fesaem.com.ar\/index.php?rest_route=%2Fwp%2Fv2%2Fcategories&post=674"},{"taxonomy":"post_tag","embeddable":true,"href":"https:\/\/fesaem.com.ar\/index.php?rest_route=%2Fwp%2Fv2%2Ftags&post=674"}],"curies":[{"name":"wp","href":"https:\/\/api.w.org\/{rel}","templated":true}]}}