{"id":680,"date":"2025-08-01T16:30:21","date_gmt":"2025-08-01T16:30:21","guid":{"rendered":"https:\/\/fesaem.com.ar\/?p=680"},"modified":"2025-08-01T16:30:21","modified_gmt":"2025-08-01T16:30:21","slug":"el-consejo-directivo-de-la-fesaem-saluda-por-sus-40-anos-a-la-mutual-argus-salud","status":"publish","type":"post","link":"https:\/\/fesaem.com.ar\/?p=680","title":{"rendered":"EL CONSEJO DIRECTIVO DE LA FESAEM SALUDA POR SUS 40 A\u00d1OS A LA MUTUAL ARGUS SALUD"},"content":{"rendered":"\n<figure class=\"wp-block-image size-large\"><img loading=\"lazy\" decoding=\"async\" width=\"1024\" height=\"640\" src=\"https:\/\/fesaem.com.ar\/wp-content\/uploads\/2025\/08\/EDICION-DE-FOTOS-2025-08-01T130830.064-1024x640.png\" alt=\"\" class=\"wp-image-681\" srcset=\"https:\/\/fesaem.com.ar\/wp-content\/uploads\/2025\/08\/EDICION-DE-FOTOS-2025-08-01T130830.064-1024x640.png 1024w, https:\/\/fesaem.com.ar\/wp-content\/uploads\/2025\/08\/EDICION-DE-FOTOS-2025-08-01T130830.064-300x188.png 300w, https:\/\/fesaem.com.ar\/wp-content\/uploads\/2025\/08\/EDICION-DE-FOTOS-2025-08-01T130830.064-768x480.png 768w, https:\/\/fesaem.com.ar\/wp-content\/uploads\/2025\/08\/EDICION-DE-FOTOS-2025-08-01T130830.064.png 1200w\" sizes=\"auto, (max-width: 1024px) 100vw, 1024px\" \/><\/figure>\n\n\n\n<p><strong>El Consejo Directivo de la Federaci\u00f3n Santafesina de Entidades Mutualistas \u201cBrigadier General Estanislao L\u00f3pez\u201d (FESAEM) felicita afectuosamente a la Asociaci\u00f3n Mutual Argus Salud con motivo de su 40.\u00ba aniversario, celebrado el pasado 2 de julio.<\/strong><\/p>\n\n\n\n<figure class=\"wp-block-gallery has-nested-images columns-default is-cropped wp-block-gallery-1 is-layout-flex wp-block-gallery-is-layout-flex\">\n<figure class=\"wp-block-image size-large\"><img loading=\"lazy\" decoding=\"async\" width=\"1024\" height=\"640\" data-id=\"684\" src=\"https:\/\/fesaem.com.ar\/wp-content\/uploads\/2025\/08\/EDICION-DE-FOTOS-2025-08-01T130926.455-1024x640.png\" alt=\"\" class=\"wp-image-684\" srcset=\"https:\/\/fesaem.com.ar\/wp-content\/uploads\/2025\/08\/EDICION-DE-FOTOS-2025-08-01T130926.455-1024x640.png 1024w, https:\/\/fesaem.com.ar\/wp-content\/uploads\/2025\/08\/EDICION-DE-FOTOS-2025-08-01T130926.455-300x188.png 300w, https:\/\/fesaem.com.ar\/wp-content\/uploads\/2025\/08\/EDICION-DE-FOTOS-2025-08-01T130926.455-768x480.png 768w, https:\/\/fesaem.com.ar\/wp-content\/uploads\/2025\/08\/EDICION-DE-FOTOS-2025-08-01T130926.455.png 1200w\" sizes=\"auto, (max-width: 1024px) 100vw, 1024px\" \/><\/figure>\n\n\n\n<figure class=\"wp-block-image size-large\"><img loading=\"lazy\" decoding=\"async\" width=\"1024\" height=\"640\" data-id=\"683\" src=\"https:\/\/fesaem.com.ar\/wp-content\/uploads\/2025\/08\/EDICION-DE-FOTOS-2025-08-01T130958.546-1024x640.png\" alt=\"\" class=\"wp-image-683\" srcset=\"https:\/\/fesaem.com.ar\/wp-content\/uploads\/2025\/08\/EDICION-DE-FOTOS-2025-08-01T130958.546-1024x640.png 1024w, https:\/\/fesaem.com.ar\/wp-content\/uploads\/2025\/08\/EDICION-DE-FOTOS-2025-08-01T130958.546-300x188.png 300w, https:\/\/fesaem.com.ar\/wp-content\/uploads\/2025\/08\/EDICION-DE-FOTOS-2025-08-01T130958.546-768x480.png 768w, https:\/\/fesaem.com.ar\/wp-content\/uploads\/2025\/08\/EDICION-DE-FOTOS-2025-08-01T130958.546.png 1200w\" sizes=\"auto, (max-width: 1024px) 100vw, 1024px\" \/><\/figure>\n\n\n\n<figure class=\"wp-block-image size-large\"><img loading=\"lazy\" decoding=\"async\" width=\"1024\" height=\"640\" data-id=\"682\" src=\"https:\/\/fesaem.com.ar\/wp-content\/uploads\/2025\/08\/EDICION-DE-FOTOS-2025-08-01T130941.351-1024x640.png\" alt=\"\" class=\"wp-image-682\" srcset=\"https:\/\/fesaem.com.ar\/wp-content\/uploads\/2025\/08\/EDICION-DE-FOTOS-2025-08-01T130941.351-1024x640.png 1024w, https:\/\/fesaem.com.ar\/wp-content\/uploads\/2025\/08\/EDICION-DE-FOTOS-2025-08-01T130941.351-300x188.png 300w, https:\/\/fesaem.com.ar\/wp-content\/uploads\/2025\/08\/EDICION-DE-FOTOS-2025-08-01T130941.351-768x480.png 768w, https:\/\/fesaem.com.ar\/wp-content\/uploads\/2025\/08\/EDICION-DE-FOTOS-2025-08-01T130941.351.png 1200w\" sizes=\"auto, (max-width: 1024px) 100vw, 1024px\" \/><\/figure>\n<\/figure>\n\n\n\n<p>En nombre de las entidades federadas, reconocemos la trayectoria de cuatro d\u00e9cadas al servicio de la comunidad de G\u00e1lvez y su zona de influencia, sostenida en la confianza mutua, la profesionalidad y el compromiso solidario que distinguen a Argus Salud. Que este nuevo hito renueve la energ\u00eda de su equipo directivo y de todo su personal para continuar brindando prestaciones de calidad y soluciones innovadoras en materia sanitaria y social.<\/p>\n\n\n\n<figure class=\"wp-block-gallery has-nested-images columns-default is-cropped wp-block-gallery-2 is-layout-flex wp-block-gallery-is-layout-flex\">\n<figure class=\"wp-block-image size-large\"><img loading=\"lazy\" decoding=\"async\" width=\"1024\" height=\"640\" data-id=\"685\" src=\"https:\/\/fesaem.com.ar\/wp-content\/uploads\/2025\/08\/EDICION-DE-FOTOS-2025-08-01T130843.737-1024x640.png\" alt=\"\" class=\"wp-image-685\" srcset=\"https:\/\/fesaem.com.ar\/wp-content\/uploads\/2025\/08\/EDICION-DE-FOTOS-2025-08-01T130843.737-1024x640.png 1024w, https:\/\/fesaem.com.ar\/wp-content\/uploads\/2025\/08\/EDICION-DE-FOTOS-2025-08-01T130843.737-300x188.png 300w, https:\/\/fesaem.com.ar\/wp-content\/uploads\/2025\/08\/EDICION-DE-FOTOS-2025-08-01T130843.737-768x480.png 768w, https:\/\/fesaem.com.ar\/wp-content\/uploads\/2025\/08\/EDICION-DE-FOTOS-2025-08-01T130843.737.png 1200w\" sizes=\"auto, (max-width: 1024px) 100vw, 1024px\" \/><\/figure>\n\n\n\n<figure class=\"wp-block-image size-large\"><img loading=\"lazy\" decoding=\"async\" width=\"1024\" height=\"640\" data-id=\"687\" src=\"https:\/\/fesaem.com.ar\/wp-content\/uploads\/2025\/08\/EDICION-DE-FOTOS-2025-08-01T130914.904-1024x640.png\" alt=\"\" class=\"wp-image-687\" srcset=\"https:\/\/fesaem.com.ar\/wp-content\/uploads\/2025\/08\/EDICION-DE-FOTOS-2025-08-01T130914.904-1024x640.png 1024w, https:\/\/fesaem.com.ar\/wp-content\/uploads\/2025\/08\/EDICION-DE-FOTOS-2025-08-01T130914.904-300x188.png 300w, https:\/\/fesaem.com.ar\/wp-content\/uploads\/2025\/08\/EDICION-DE-FOTOS-2025-08-01T130914.904-768x480.png 768w, https:\/\/fesaem.com.ar\/wp-content\/uploads\/2025\/08\/EDICION-DE-FOTOS-2025-08-01T130914.904.png 1200w\" sizes=\"auto, (max-width: 1024px) 100vw, 1024px\" \/><\/figure>\n\n\n\n<figure class=\"wp-block-image size-large\"><img loading=\"lazy\" decoding=\"async\" width=\"1024\" height=\"640\" data-id=\"686\" src=\"https:\/\/fesaem.com.ar\/wp-content\/uploads\/2025\/08\/EDICION-DE-FOTOS-2025-08-01T130857.746-1024x640.png\" alt=\"\" class=\"wp-image-686\" srcset=\"https:\/\/fesaem.com.ar\/wp-content\/uploads\/2025\/08\/EDICION-DE-FOTOS-2025-08-01T130857.746-1024x640.png 1024w, https:\/\/fesaem.com.ar\/wp-content\/uploads\/2025\/08\/EDICION-DE-FOTOS-2025-08-01T130857.746-300x188.png 300w, https:\/\/fesaem.com.ar\/wp-content\/uploads\/2025\/08\/EDICION-DE-FOTOS-2025-08-01T130857.746-768x480.png 768w, https:\/\/fesaem.com.ar\/wp-content\/uploads\/2025\/08\/EDICION-DE-FOTOS-2025-08-01T130857.746.png 1200w\" sizes=\"auto, (max-width: 1024px) 100vw, 1024px\" \/><\/figure>\n<\/figure>\n\n\n\n<p><strong>S\u00edntesis hist\u00f3rica de Argus Salud (1985 &#8211; 2025)<\/strong><\/p>\n\n\n\n<p><strong>-Or\u00edgenes (1985-1987). <\/strong>Un grupo de m\u00e9dicos \u2013entre ellos los doctores Chaillou, Esp\u00edndola, Huerga, Mazzucchelli y Rambaldo\u2013 concibi\u00f3 un sistema prepago que conectara a la comunidad con una salud accesible y bien financiada.<\/p>\n\n\n\n<p><strong>-Mutualizaci\u00f3n. <\/strong>Los cambios del contexto econ\u00f3mico nacional impulsaron la transformaci\u00f3n en mutual, garantizando equilibrio financiero y mayor alcance a los asociados.<\/p>\n\n\n\n<p><strong>-Directivos pioneros. <\/strong>Bajo la presidencia del Dr. Ricardo Monteverde y la direcci\u00f3n m\u00e9dica original, la entidad consolid\u00f3 su enfoque en la atenci\u00f3n de calidad y la relaci\u00f3n personalizada con los afiliados.<\/p>\n\n\n\n<p><strong>-Crecimiento de servicios. <\/strong>De una peque\u00f1a oficina inicial se pas\u00f3, con el esfuerzo de promotores y personal administrativo como Rita Chelmo, a sumar Farmacia, Telefon\u00eda, Ayuda Econ\u00f3mica y servicio de Cobro de Impuestos.<\/p>\n\n\n\n<p><strong>-Nueva sede.<\/strong> La mudanza al edificio propio de San Mart\u00edn 320 acompa\u00f1\u00f3 la ampliaci\u00f3n de prestaciones e incorpor\u00f3 espacios adecuados para la atenci\u00f3n presencial.<\/p>\n\n\n\n<p><strong>-Renovaci\u00f3n generacional. <\/strong>En 2021-2022 se integr\u00f3 el Dr. Gonzalo Huerga, continuando el legado familiar y reforzando la impronta humanizada de la prepaga.<\/p>\n\n\n\n<p><strong>-Compromiso actual. <\/strong>Con un equipo que \u201cporta la camiseta\u201d y asociados que desde el inicio mantienen su confianza, Argus Salud celebra cuatro d\u00e9cadas de respuesta profesional, atenci\u00f3n cercana y crecimiento sostenido al servicio de G\u00e1lvez y la regi\u00f3n.<\/p>\n\n\n\n<p><strong>\u00a1Felices 40 a\u00f1os, Argus Salud! Que los pr\u00f3ximos desaf\u00edos encuentren a la entidad fortalecida por la misma vocaci\u00f3n solidaria que inspir\u00f3 sus inicios.<\/strong><\/p>\n","protected":false},"excerpt":{"rendered":"<p>El Consejo Directivo de la Federaci\u00f3n Santafesina de Entidades Mutualistas \u201cBrigadier General Estanislao L\u00f3pez\u201d (FESAEM) felicita afectuosamente a la Asociaci\u00f3n Mutual Argus Salud con motivo de su 40.\u00ba aniversario, celebrado el pasado 2 de julio. En nombre de las entidades federadas, reconocemos la trayectoria de cuatro d\u00e9cadas al servicio de la comunidad de G\u00e1lvez y [&hellip;]<\/p>\n","protected":false},"author":1,"featured_media":0,"comment_status":"open","ping_status":"open","sticky":false,"template":"","format":"standard","meta":{"footnotes":""},"categories":[1],"tags":[],"class_list":["post-680","post","type-post","status-publish","format-standard","hentry","category-uncategorized"],"_links":{"self":[{"href":"https:\/\/fesaem.com.ar\/index.php?rest_route=\/wp\/v2\/posts\/680","targetHints":{"allow":["GET"]}}],"collection":[{"href":"https:\/\/fesaem.com.ar\/index.php?rest_route=\/wp\/v2\/posts"}],"about":[{"href":"https:\/\/fesaem.com.ar\/index.php?rest_route=\/wp\/v2\/types\/post"}],"author":[{"embeddable":true,"href":"https:\/\/fesaem.com.ar\/index.php?rest_route=\/wp\/v2\/users\/1"}],"replies":[{"embeddable":true,"href":"https:\/\/fesaem.com.ar\/index.php?rest_route=%2Fwp%2Fv2%2Fcomments&post=680"}],"version-history":[{"count":1,"href":"https:\/\/fesaem.com.ar\/index.php?rest_route=\/wp\/v2\/posts\/680\/revisions"}],"predecessor-version":[{"id":688,"href":"https:\/\/fesaem.com.ar\/index.php?rest_route=\/wp\/v2\/posts\/680\/revisions\/688"}],"wp:attachment":[{"href":"https:\/\/fesaem.com.ar\/index.php?rest_route=%2Fwp%2Fv2%2Fmedia&parent=680"}],"wp:term":[{"taxonomy":"category","embeddable":true,"href":"https:\/\/fesaem.com.ar\/index.php?rest_route=%2Fwp%2Fv2%2Fcategories&post=680"},{"taxonomy":"post_tag","embeddable":true,"href":"https:\/\/fesaem.com.ar\/index.php?rest_route=%2Fwp%2Fv2%2Ftags&post=680"}],"curies":[{"name":"wp","href":"https:\/\/api.w.org\/{rel}","templated":true}]}}