{"id":690,"date":"2025-08-14T16:12:59","date_gmt":"2025-08-14T16:12:59","guid":{"rendered":"https:\/\/fesaem.com.ar\/?p=690"},"modified":"2025-08-14T16:12:59","modified_gmt":"2025-08-14T16:12:59","slug":"mutualismo-en-la-reforma-constitucional-fesaem-reclama-reconocimiento-y-proteccion","status":"publish","type":"post","link":"https:\/\/fesaem.com.ar\/?p=690","title":{"rendered":"MUTUALISMO EN LA REFORMA CONSTITUCIONAL: FESAEM RECLAMA RECONOCIMIENTO Y PROTECCI\u00d3N"},"content":{"rendered":"\n<p style=\"font-size:12px\"><strong>Nota Diario El Litoral \/ Mar\u00eda Jos\u00e9 Vald\u00e9z \/ Mar\u00eda Jos\u00e9 Ram\u00f3n<\/strong><\/p>\n\n\n\n<figure class=\"wp-block-image size-large\"><img loading=\"lazy\" decoding=\"async\" width=\"1024\" height=\"594\" src=\"https:\/\/fesaem.com.ar\/wp-content\/uploads\/2025\/08\/4IfBoDRPG_1300x655__1-1024x594.png\" alt=\"\" class=\"wp-image-691\" srcset=\"https:\/\/fesaem.com.ar\/wp-content\/uploads\/2025\/08\/4IfBoDRPG_1300x655__1-1024x594.png 1024w, https:\/\/fesaem.com.ar\/wp-content\/uploads\/2025\/08\/4IfBoDRPG_1300x655__1-300x174.png 300w, https:\/\/fesaem.com.ar\/wp-content\/uploads\/2025\/08\/4IfBoDRPG_1300x655__1-768x446.png 768w, https:\/\/fesaem.com.ar\/wp-content\/uploads\/2025\/08\/4IfBoDRPG_1300x655__1.png 1129w\" sizes=\"auto, (max-width: 1024px) 100vw, 1024px\" \/><\/figure>\n\n\n\n<p><strong>En di\u00e1logo con CyD Litoral, referentes de la Federaci\u00f3n de Mutuales Brigadier General Estanislao L\u00f3pez reclamaron que el nuevo texto constitucional incorpore al sector mutual. Destacaron su rol clave en salud, deporte, cultura y participaci\u00f3n ciudadana, y advirtieron sobre la necesidad de blindar su actividad frente a cargas tributarias.<\/strong><\/p>\n\n\n\n<!--more-->\n\n\n\n<p>En la provincia de Santa Fe funcionan m\u00e1s de 800 mutuales. Desde salud y clubes deportivos hasta educaci\u00f3n y cultura, su impacto social es innegable. Por eso, la Federaci\u00f3n de Mutuales Brigadier General Estanislao L\u00f3pez (FESAEM) considera que el sector debe estar presente en la reforma de la Constituci\u00f3n provincial.<\/p>\n\n\n\n<p>Carlos Ghisolfo, vicepresidente de FESAEM, asegur\u00f3 que el mutualismo \u201ctiene incidencia en la vida social del ciudadano com\u00fan\u201d y que era \u201cmuy importante tener nuestra voz\u201d en este proceso hist\u00f3rico.<\/p>\n\n\n\n<p>Rosana Soto, dirigente y delegada en el Consejo Econ\u00f3mico y Social, agreg\u00f3 que \u201ceste modelo es fundador para la provincia\u201d y que el reconocimiento constitucional ser\u00eda \u201cun hecho verdaderamente importante para nuestras instituciones\u201d.<\/p>\n\n\n\n<p><strong>Reclamos y propuestas<\/strong><\/p>\n\n\n\n<p>Uno de los puntos m\u00e1s urgentes para el sector es el tributario. \u201cCreemos que el acto mutual, que es la relaci\u00f3n con el asociado, debe estar libre de tasas y grav\u00e1menes\u201d, dijo Ghisolfo. Cuestion\u00f3 que, a nivel municipal, se equipare a las mutuales con entidades financieras.<\/p>\n\n\n\n<figure class=\"wp-block-image size-large\"><img loading=\"lazy\" decoding=\"async\" width=\"870\" height=\"580\" src=\"https:\/\/fesaem.com.ar\/wp-content\/uploads\/2025\/08\/wSmfGYZ8c_870x580__1.png\" alt=\"\" class=\"wp-image-693\" srcset=\"https:\/\/fesaem.com.ar\/wp-content\/uploads\/2025\/08\/wSmfGYZ8c_870x580__1.png 870w, https:\/\/fesaem.com.ar\/wp-content\/uploads\/2025\/08\/wSmfGYZ8c_870x580__1-300x200.png 300w, https:\/\/fesaem.com.ar\/wp-content\/uploads\/2025\/08\/wSmfGYZ8c_870x580__1-768x512.png 768w\" sizes=\"auto, (max-width: 870px) 100vw, 870px\" \/><\/figure>\n\n\n\n<p>Seg\u00fan explic\u00f3, \u201csi se le da rango constitucional, seguramente tendr\u00e1 mucho m\u00e1s peso en cualquier discusi\u00f3n posterior\u201d sobre cargas impositivas.<\/p>\n\n\n\n<p>Soto detall\u00f3 tres propuestas en materia de participaci\u00f3n ciudadana: la creaci\u00f3n de un instituto aut\u00e1rquico del sector; el reconocimiento del Consejo Econ\u00f3mico y Social; y jerarquizar el Consejo de Asociativismo, que hoy existe por decreto.<\/p>\n\n\n\n<p><strong>Custodiar la confianza<\/strong><\/p>\n\n\n\n<p>Para Ghisolfo, las mutuales han sido clave en el interior santafesino. \u201cDespu\u00e9s de la d\u00e9cada del 80 creci\u00f3 el ahorro mutual y, con \u00e9l, los clubes, las escuelas y los servicios de salud\u201d, se\u00f1al\u00f3.<\/p>\n\n\n\n<figure class=\"wp-block-image size-large\"><img loading=\"lazy\" decoding=\"async\" width=\"870\" height=\"580\" src=\"https:\/\/fesaem.com.ar\/wp-content\/uploads\/2025\/08\/9mJuRih-s_870x580__1.png\" alt=\"\" class=\"wp-image-692\" srcset=\"https:\/\/fesaem.com.ar\/wp-content\/uploads\/2025\/08\/9mJuRih-s_870x580__1.png 870w, https:\/\/fesaem.com.ar\/wp-content\/uploads\/2025\/08\/9mJuRih-s_870x580__1-300x200.png 300w, https:\/\/fesaem.com.ar\/wp-content\/uploads\/2025\/08\/9mJuRih-s_870x580__1-768x512.png 768w\" sizes=\"auto, (max-width: 870px) 100vw, 870px\" \/><\/figure>\n\n\n\n<p>Advirti\u00f3 que, mientras algunos bancos se retiran de localidades peque\u00f1as, las mutuales permanecen. \u201cEn las crisis, la gente sacaba plata de los bancos, pero no de las mutuales. Conf\u00edan en su dirigente, lo ven todos los d\u00edas, saben que su gesti\u00f3n es honesta\u201d, sostuvo.<\/p>\n\n\n\n<p>Esa confianza, dice, debe protegerse: \u201cNo es solo econom\u00eda, es tejido social. Somos quienes sostenemos a las comunidades cuando otros se van\u201d.<\/p>\n\n\n\n<p>Fuente: El Litoral<\/p>\n","protected":false},"excerpt":{"rendered":"<p>Nota Diario El Litoral \/ Mar\u00eda Jos\u00e9 Vald\u00e9z \/ Mar\u00eda Jos\u00e9 Ram\u00f3n En di\u00e1logo con CyD Litoral, referentes de la Federaci\u00f3n de Mutuales Brigadier General Estanislao L\u00f3pez reclamaron que el nuevo texto constitucional incorpore al sector mutual. Destacaron su rol clave en salud, deporte, cultura y participaci\u00f3n ciudadana, y advirtieron sobre la necesidad de blindar [&hellip;]<\/p>\n","protected":false},"author":1,"featured_media":0,"comment_status":"open","ping_status":"open","sticky":false,"template":"","format":"standard","meta":{"footnotes":""},"categories":[1],"tags":[],"class_list":["post-690","post","type-post","status-publish","format-standard","hentry","category-uncategorized"],"_links":{"self":[{"href":"https:\/\/fesaem.com.ar\/index.php?rest_route=\/wp\/v2\/posts\/690","targetHints":{"allow":["GET"]}}],"collection":[{"href":"https:\/\/fesaem.com.ar\/index.php?rest_route=\/wp\/v2\/posts"}],"about":[{"href":"https:\/\/fesaem.com.ar\/index.php?rest_route=\/wp\/v2\/types\/post"}],"author":[{"embeddable":true,"href":"https:\/\/fesaem.com.ar\/index.php?rest_route=\/wp\/v2\/users\/1"}],"replies":[{"embeddable":true,"href":"https:\/\/fesaem.com.ar\/index.php?rest_route=%2Fwp%2Fv2%2Fcomments&post=690"}],"version-history":[{"count":1,"href":"https:\/\/fesaem.com.ar\/index.php?rest_route=\/wp\/v2\/posts\/690\/revisions"}],"predecessor-version":[{"id":694,"href":"https:\/\/fesaem.com.ar\/index.php?rest_route=\/wp\/v2\/posts\/690\/revisions\/694"}],"wp:attachment":[{"href":"https:\/\/fesaem.com.ar\/index.php?rest_route=%2Fwp%2Fv2%2Fmedia&parent=690"}],"wp:term":[{"taxonomy":"category","embeddable":true,"href":"https:\/\/fesaem.com.ar\/index.php?rest_route=%2Fwp%2Fv2%2Fcategories&post=690"},{"taxonomy":"post_tag","embeddable":true,"href":"https:\/\/fesaem.com.ar\/index.php?rest_route=%2Fwp%2Fv2%2Ftags&post=690"}],"curies":[{"name":"wp","href":"https:\/\/api.w.org\/{rel}","templated":true}]}}