{"id":696,"date":"2025-08-22T17:07:40","date_gmt":"2025-08-22T17:07:40","guid":{"rendered":"https:\/\/fesaem.com.ar\/?p=696"},"modified":"2025-08-22T17:07:40","modified_gmt":"2025-08-22T17:07:40","slug":"fesaem-presente-en-buenos-aires-en-el-60o-aniversario-de-fecotel","status":"publish","type":"post","link":"https:\/\/fesaem.com.ar\/?p=696","title":{"rendered":"FESAEM PRESENTE EN BUENOS AIRES EN EL 60\u00ba ANIVERSARIO DE FECOTEL\u00a0"},"content":{"rendered":"\n<figure class=\"wp-block-image size-large\"><img loading=\"lazy\" decoding=\"async\" width=\"1024\" height=\"640\" src=\"https:\/\/fesaem.com.ar\/wp-content\/uploads\/2025\/08\/EDICION-DE-FOTOS-2025-08-22T124642.765-1024x640.png\" alt=\"\" class=\"wp-image-697\" srcset=\"https:\/\/fesaem.com.ar\/wp-content\/uploads\/2025\/08\/EDICION-DE-FOTOS-2025-08-22T124642.765-1024x640.png 1024w, https:\/\/fesaem.com.ar\/wp-content\/uploads\/2025\/08\/EDICION-DE-FOTOS-2025-08-22T124642.765-300x188.png 300w, https:\/\/fesaem.com.ar\/wp-content\/uploads\/2025\/08\/EDICION-DE-FOTOS-2025-08-22T124642.765-768x480.png 768w, https:\/\/fesaem.com.ar\/wp-content\/uploads\/2025\/08\/EDICION-DE-FOTOS-2025-08-22T124642.765.png 1200w\" sizes=\"auto, (max-width: 1024px) 100vw, 1024px\" \/><\/figure>\n\n\n\n<p><strong>El 21 de agosto de 2025, en el Golden Center de la Ciudad Aut\u00f3noma de Buenos Aires, la Federaci\u00f3n Santafesina de Entidades Mutualistas \u201cBrigadier Gral. Estanislao L\u00f3pez\u201d (FESAEM) dijo presente en el 60\u00ba aniversario de FECOTEL Ltda. Particip\u00f3 Narciso Carrizo, vicepresidente de la Confederaci\u00f3n Argentina de Mutualidades (CAM) e integrante de FESAEM, junto a autoridades nacionales y referentes del movimiento cooperativo y mutual.<\/strong><\/p>\n\n\n\n<!--more-->\n\n\n\n<p>El acto central \u2014realizado en los salones del Golden Center y enmarcado en la EXPOT\u00c9CNICA &amp; CONGRESO PROFESIONAL 2025 del 21 y 22 de agosto\u2014 convoc\u00f3 a dirigentes de cooperativas telef\u00f3nicas, autoridades de organismos reguladores y representantes gubernamentales. All\u00ed, FESAEM acompa\u00f1\u00f3 la conmemoraci\u00f3n de las seis d\u00e9cadas de trayectoria de FECOTEL, con la presencia de Narcizo Carrizo (vicepresidente de CAM y miembro de FESAEM), del Secretario de Cooperativismo, Mutualismo y Emprendedurismo del Gobierno de la Provincia de Santa Fe, Gonzalo Toselli&nbsp; y del presidente del INAES, Marcelo Collomb. La jornada combin\u00f3 celebraci\u00f3n institucional con espacios de capacitaci\u00f3n t\u00e9cnica y actualizaci\u00f3n tecnol\u00f3gica, mediante disertaciones y exhibiciones orientadas a las tendencias del sector de telecomunicaciones cooperativas.<\/p>\n\n\n\n<figure class=\"wp-block-image size-large\"><img loading=\"lazy\" decoding=\"async\" width=\"1024\" height=\"640\" src=\"https:\/\/fesaem.com.ar\/wp-content\/uploads\/2025\/08\/EDICION-DE-FOTOS-2025-08-22T124734.679-1024x640.png\" alt=\"\" class=\"wp-image-698\" srcset=\"https:\/\/fesaem.com.ar\/wp-content\/uploads\/2025\/08\/EDICION-DE-FOTOS-2025-08-22T124734.679-1024x640.png 1024w, https:\/\/fesaem.com.ar\/wp-content\/uploads\/2025\/08\/EDICION-DE-FOTOS-2025-08-22T124734.679-300x188.png 300w, https:\/\/fesaem.com.ar\/wp-content\/uploads\/2025\/08\/EDICION-DE-FOTOS-2025-08-22T124734.679-768x480.png 768w, https:\/\/fesaem.com.ar\/wp-content\/uploads\/2025\/08\/EDICION-DE-FOTOS-2025-08-22T124734.679.png 1200w\" sizes=\"auto, (max-width: 1024px) 100vw, 1024px\" \/><\/figure>\n\n\n\n<p>En el encuentro se destac\u00f3 el papel del mutualismo y cooperativismo como motor de inclusi\u00f3n y desarrollo en todo el territorio, y la importancia de sostener alianzas estrat\u00e9gicas entre federaciones, confederaciones y el Estado para afrontar los desaf\u00edos de conectividad, digitalizaci\u00f3n y servicios de calidad. La presencia de FESAEM reforz\u00f3 el compromiso de la federaci\u00f3n santafesina con la agenda nacional del sector y con la articulaci\u00f3n federal que impulsa FECOTEL.<\/p>\n\n\n\n<figure class=\"wp-block-gallery has-nested-images columns-default is-cropped wp-block-gallery-1 is-layout-flex wp-block-gallery-is-layout-flex\">\n\n<\/figure>\n","protected":false},"excerpt":{"rendered":"<p>El 21 de agosto de 2025, en el Golden Center de la Ciudad Aut\u00f3noma de Buenos Aires, la Federaci\u00f3n Santafesina de Entidades Mutualistas \u201cBrigadier Gral. Estanislao L\u00f3pez\u201d (FESAEM) dijo presente en el 60\u00ba aniversario de FECOTEL Ltda. Particip\u00f3 Narciso Carrizo, vicepresidente de la Confederaci\u00f3n Argentina de Mutualidades (CAM) e integrante de FESAEM, junto a autoridades [&hellip;]<\/p>\n","protected":false},"author":1,"featured_media":0,"comment_status":"open","ping_status":"open","sticky":false,"template":"","format":"standard","meta":{"footnotes":""},"categories":[1],"tags":[],"class_list":["post-696","post","type-post","status-publish","format-standard","hentry","category-uncategorized"],"_links":{"self":[{"href":"https:\/\/fesaem.com.ar\/index.php?rest_route=\/wp\/v2\/posts\/696","targetHints":{"allow":["GET"]}}],"collection":[{"href":"https:\/\/fesaem.com.ar\/index.php?rest_route=\/wp\/v2\/posts"}],"about":[{"href":"https:\/\/fesaem.com.ar\/index.php?rest_route=\/wp\/v2\/types\/post"}],"author":[{"embeddable":true,"href":"https:\/\/fesaem.com.ar\/index.php?rest_route=\/wp\/v2\/users\/1"}],"replies":[{"embeddable":true,"href":"https:\/\/fesaem.com.ar\/index.php?rest_route=%2Fwp%2Fv2%2Fcomments&post=696"}],"version-history":[{"count":1,"href":"https:\/\/fesaem.com.ar\/index.php?rest_route=\/wp\/v2\/posts\/696\/revisions"}],"predecessor-version":[{"id":701,"href":"https:\/\/fesaem.com.ar\/index.php?rest_route=\/wp\/v2\/posts\/696\/revisions\/701"}],"wp:attachment":[{"href":"https:\/\/fesaem.com.ar\/index.php?rest_route=%2Fwp%2Fv2%2Fmedia&parent=696"}],"wp:term":[{"taxonomy":"category","embeddable":true,"href":"https:\/\/fesaem.com.ar\/index.php?rest_route=%2Fwp%2Fv2%2Fcategories&post=696"},{"taxonomy":"post_tag","embeddable":true,"href":"https:\/\/fesaem.com.ar\/index.php?rest_route=%2Fwp%2Fv2%2Ftags&post=696"}],"curies":[{"name":"wp","href":"https:\/\/api.w.org\/{rel}","templated":true}]}}