{"id":702,"date":"2025-08-28T19:12:50","date_gmt":"2025-08-28T19:12:50","guid":{"rendered":"https:\/\/fesaem.com.ar\/?p=702"},"modified":"2025-08-28T19:12:50","modified_gmt":"2025-08-28T19:12:50","slug":"condolencias-por-el-fallecimiento-de-noemi-gladys-gorriz","status":"publish","type":"post","link":"https:\/\/fesaem.com.ar\/?p=702","title":{"rendered":"CONDOLENCIAS POR EL FALLECIMIENTO DE NOEM\u00cd GLADYS GORRIZ"},"content":{"rendered":"\n<figure class=\"wp-block-image size-large\"><img loading=\"lazy\" decoding=\"async\" width=\"1024\" height=\"640\" src=\"https:\/\/fesaem.com.ar\/wp-content\/uploads\/2025\/08\/EDICION-DE-FOTOS-2025-08-28T160649.324-1024x640.png\" alt=\"\" class=\"wp-image-703\" srcset=\"https:\/\/fesaem.com.ar\/wp-content\/uploads\/2025\/08\/EDICION-DE-FOTOS-2025-08-28T160649.324-1024x640.png 1024w, https:\/\/fesaem.com.ar\/wp-content\/uploads\/2025\/08\/EDICION-DE-FOTOS-2025-08-28T160649.324-300x188.png 300w, https:\/\/fesaem.com.ar\/wp-content\/uploads\/2025\/08\/EDICION-DE-FOTOS-2025-08-28T160649.324-768x480.png 768w, https:\/\/fesaem.com.ar\/wp-content\/uploads\/2025\/08\/EDICION-DE-FOTOS-2025-08-28T160649.324.png 1200w\" sizes=\"auto, (max-width: 1024px) 100vw, 1024px\" \/><\/figure>\n\n\n\n<p><strong>La Federaci\u00f3n Santafesina de Entidades Mutualistas Brigadier General Estanislao L\u00f3pez (FESAEM) hace llegar a la familia, amistades y colegas de Noem\u00ed Gladys Gorriz su m\u00e1s sentido p\u00e9same.<\/strong><\/p>\n\n\n\n<!--more-->\n\n\n\n<p>Con profundo respeto, despedimos a una comunicadora que dedic\u00f3 a\u00f1os de trabajo a promover y difundir el mutualismo, especialmente a trav\u00e9s del medio \u201cMutualismo Hoy\u201d, dejando una huella de compromiso, profesionalismo y calidez humana.<\/p>\n\n\n\n<p>Acompa\u00f1amos en este doloroso momento a quienes compartieron su vida y su labor, y agradecemos el valioso aporte de Noem\u00ed al fortalecimiento de nuestro movimiento solidario. Su legado seguir\u00e1 inspirando el esfuerzo cotidiano de quienes creemos en la econom\u00eda social.<\/p>\n\n\n\n<p>FESAEM<br>Federaci\u00f3n Santafesina de Entidades Mutualistas Brigadier General Estanislao L\u00f3pez<\/p>\n","protected":false},"excerpt":{"rendered":"<p>La Federaci\u00f3n Santafesina de Entidades Mutualistas Brigadier General Estanislao L\u00f3pez (FESAEM) hace llegar a la familia, amistades y colegas de Noem\u00ed Gladys Gorriz su m\u00e1s sentido p\u00e9same.<\/p>\n","protected":false},"author":1,"featured_media":0,"comment_status":"open","ping_status":"open","sticky":false,"template":"","format":"standard","meta":{"footnotes":""},"categories":[1],"tags":[],"class_list":["post-702","post","type-post","status-publish","format-standard","hentry","category-uncategorized"],"_links":{"self":[{"href":"https:\/\/fesaem.com.ar\/index.php?rest_route=\/wp\/v2\/posts\/702","targetHints":{"allow":["GET"]}}],"collection":[{"href":"https:\/\/fesaem.com.ar\/index.php?rest_route=\/wp\/v2\/posts"}],"about":[{"href":"https:\/\/fesaem.com.ar\/index.php?rest_route=\/wp\/v2\/types\/post"}],"author":[{"embeddable":true,"href":"https:\/\/fesaem.com.ar\/index.php?rest_route=\/wp\/v2\/users\/1"}],"replies":[{"embeddable":true,"href":"https:\/\/fesaem.com.ar\/index.php?rest_route=%2Fwp%2Fv2%2Fcomments&post=702"}],"version-history":[{"count":1,"href":"https:\/\/fesaem.com.ar\/index.php?rest_route=\/wp\/v2\/posts\/702\/revisions"}],"predecessor-version":[{"id":704,"href":"https:\/\/fesaem.com.ar\/index.php?rest_route=\/wp\/v2\/posts\/702\/revisions\/704"}],"wp:attachment":[{"href":"https:\/\/fesaem.com.ar\/index.php?rest_route=%2Fwp%2Fv2%2Fmedia&parent=702"}],"wp:term":[{"taxonomy":"category","embeddable":true,"href":"https:\/\/fesaem.com.ar\/index.php?rest_route=%2Fwp%2Fv2%2Fcategories&post=702"},{"taxonomy":"post_tag","embeddable":true,"href":"https:\/\/fesaem.com.ar\/index.php?rest_route=%2Fwp%2Fv2%2Ftags&post=702"}],"curies":[{"name":"wp","href":"https:\/\/api.w.org\/{rel}","templated":true}]}}