{"id":934,"date":"2026-04-21T00:37:26","date_gmt":"2026-04-21T00:37:26","guid":{"rendered":"https:\/\/fesaem.com.ar\/?p=934"},"modified":"2026-04-21T00:37:26","modified_gmt":"2026-04-21T00:37:26","slug":"capacitacion-virtual-sobre-transformacion-digital-para-mutuales","status":"publish","type":"post","link":"https:\/\/fesaem.com.ar\/?p=934","title":{"rendered":"CAPACITACI\u00d3N VIRTUAL SOBRE TRANSFORMACI\u00d3N DIGITAL PARA MUTUALES"},"content":{"rendered":"\n<figure class=\"wp-block-image size-large\"><img loading=\"lazy\" decoding=\"async\" width=\"1024\" height=\"640\" src=\"https:\/\/fesaem.com.ar\/wp-content\/uploads\/2026\/04\/EDICION-DE-FOTOS-2026-04-20T164301.658-1024x640.png\" alt=\"\" class=\"wp-image-935\" srcset=\"https:\/\/fesaem.com.ar\/wp-content\/uploads\/2026\/04\/EDICION-DE-FOTOS-2026-04-20T164301.658-1024x640.png 1024w, https:\/\/fesaem.com.ar\/wp-content\/uploads\/2026\/04\/EDICION-DE-FOTOS-2026-04-20T164301.658-300x188.png 300w, https:\/\/fesaem.com.ar\/wp-content\/uploads\/2026\/04\/EDICION-DE-FOTOS-2026-04-20T164301.658-768x480.png 768w, https:\/\/fesaem.com.ar\/wp-content\/uploads\/2026\/04\/EDICION-DE-FOTOS-2026-04-20T164301.658.png 1200w\" sizes=\"auto, (max-width: 1024px) 100vw, 1024px\" \/><\/figure>\n\n\n\n<p><strong>En el marco del Plan de Capacitaci\u00f3n 2026, la Federaci\u00f3n Santafesina de Entidades Mutualistas Brigadier General Estanislao L\u00f3pez (FESAEM) llev\u00f3 adelante un nuevo encuentro virtual destinado a brindar herramientas concretas para la adaptaci\u00f3n de las mutuales al proceso de digitalizaci\u00f3n de tr\u00e1mites impulsado en la provincia de Santa Fe. Participaron alrededor de 60 representantes de distintas entidades.<\/strong><\/p>\n\n\n\n<!--more-->\n\n\n\n<p>La Federaci\u00f3n Santafesina de Entidades Mutualistas Brigadier General Estanislao L\u00f3pez (FESAEM) realiz\u00f3 el pasado viernes 17 de abril, en horas de la ma\u00f1ana, una nueva jornada de formaci\u00f3n virtual orientada a fortalecer conocimientos y herramientas vinculadas a la transformaci\u00f3n digital en el \u00e1mbito del gobierno de la provincia.<\/p>\n\n\n\n<figure class=\"wp-block-gallery has-nested-images columns-default is-cropped wp-block-gallery-1 is-layout-flex wp-block-gallery-is-layout-flex\">\n<figure class=\"wp-block-image size-large\"><img loading=\"lazy\" decoding=\"async\" width=\"1024\" height=\"640\" data-id=\"936\" src=\"https:\/\/fesaem.com.ar\/wp-content\/uploads\/2026\/04\/EDICION-DE-FOTOS-2026-04-20T163856.929-1024x640.png\" alt=\"\" class=\"wp-image-936\" srcset=\"https:\/\/fesaem.com.ar\/wp-content\/uploads\/2026\/04\/EDICION-DE-FOTOS-2026-04-20T163856.929-1024x640.png 1024w, https:\/\/fesaem.com.ar\/wp-content\/uploads\/2026\/04\/EDICION-DE-FOTOS-2026-04-20T163856.929-300x188.png 300w, https:\/\/fesaem.com.ar\/wp-content\/uploads\/2026\/04\/EDICION-DE-FOTOS-2026-04-20T163856.929-768x480.png 768w, https:\/\/fesaem.com.ar\/wp-content\/uploads\/2026\/04\/EDICION-DE-FOTOS-2026-04-20T163856.929.png 1200w\" sizes=\"auto, (max-width: 1024px) 100vw, 1024px\" \/><\/figure>\n\n\n\n<figure class=\"wp-block-image size-large\"><img loading=\"lazy\" decoding=\"async\" width=\"1024\" height=\"640\" data-id=\"937\" src=\"https:\/\/fesaem.com.ar\/wp-content\/uploads\/2026\/04\/EDICION-DE-FOTOS-2026-04-20T164142.591-1024x640.png\" alt=\"\" class=\"wp-image-937\" srcset=\"https:\/\/fesaem.com.ar\/wp-content\/uploads\/2026\/04\/EDICION-DE-FOTOS-2026-04-20T164142.591-1024x640.png 1024w, https:\/\/fesaem.com.ar\/wp-content\/uploads\/2026\/04\/EDICION-DE-FOTOS-2026-04-20T164142.591-300x188.png 300w, https:\/\/fesaem.com.ar\/wp-content\/uploads\/2026\/04\/EDICION-DE-FOTOS-2026-04-20T164142.591-768x480.png 768w, https:\/\/fesaem.com.ar\/wp-content\/uploads\/2026\/04\/EDICION-DE-FOTOS-2026-04-20T164142.591.png 1200w\" sizes=\"auto, (max-width: 1024px) 100vw, 1024px\" \/><\/figure>\n<\/figure>\n\n\n\n<p>La propuesta, enmarcada en el Plan de Capacitaci\u00f3n 2026, abord\u00f3 como ejes tem\u00e1ticos la Administraci\u00f3n Digital, el Gobierno Digital, Ciudadanos Digitales, TIMB\u00d3 y los distintos tr\u00e1mites vinculados al funcionamiento de cooperativas y mutuales, en una agenda especialmente dise\u00f1ada para brindar actualizaci\u00f3n y herramientas pr\u00e1cticas a dirigentes, personal administrativo y equipos t\u00e9cnicos.<\/p>\n\n\n\n<p>El encuentro cont\u00f3 con el acompa\u00f1amiento del presidente de FESAEM, Gustavo Bernay y de la Lic. Ana Coppes, subdirectora de Cooperativas del Ministerio de Desarrollo Productivo de la Provincia de Santa Fe, qui\u00e9n fue acompa\u00f1ada por los dirigentes Oscar Rosas y Rosana Soto en la recientemente inaugurada sala virtual de la FESAEM.<\/p>\n\n\n\n<p>Durante la apertura, Bernay destac\u00f3 que, en el marco del programa de formaci\u00f3n 2026, la Federaci\u00f3n viene desarrollando un trabajo sostenido de acompa\u00f1amiento a sus entidades asociadas, no solo a trav\u00e9s de instancias de capacitaci\u00f3n, sino tambi\u00e9n mediante el servicio de seguridad inform\u00e1tica para la realizaci\u00f3n y presentaci\u00f3n de informes, fortaleciendo as\u00ed la capacidad operativa de las mutuales ante los nuevos desaf\u00edos de gesti\u00f3n.<\/p>\n\n\n\n<figure class=\"wp-block-image size-large\"><img loading=\"lazy\" decoding=\"async\" width=\"1024\" height=\"640\" src=\"https:\/\/fesaem.com.ar\/wp-content\/uploads\/2026\/04\/EDICION-DE-FOTOS-2026-04-20T164214.626-1024x640.png\" alt=\"\" class=\"wp-image-938\" srcset=\"https:\/\/fesaem.com.ar\/wp-content\/uploads\/2026\/04\/EDICION-DE-FOTOS-2026-04-20T164214.626-1024x640.png 1024w, https:\/\/fesaem.com.ar\/wp-content\/uploads\/2026\/04\/EDICION-DE-FOTOS-2026-04-20T164214.626-300x188.png 300w, https:\/\/fesaem.com.ar\/wp-content\/uploads\/2026\/04\/EDICION-DE-FOTOS-2026-04-20T164214.626-768x480.png 768w, https:\/\/fesaem.com.ar\/wp-content\/uploads\/2026\/04\/EDICION-DE-FOTOS-2026-04-20T164214.626.png 1200w\" sizes=\"auto, (max-width: 1024px) 100vw, 1024px\" \/><\/figure>\n\n\n\n<p>Por su parte, Ana Coppes remarc\u00f3 la importancia que el Gobierno provincial le ha otorgado a la digitalizaci\u00f3n de los tr\u00e1mites y present\u00f3 a las expositoras de la jornada. Adem\u00e1s, inform\u00f3 que el 1\u00b0 de julio ser\u00e1 la fecha l\u00edmite para la finalizaci\u00f3n del formato papel, por lo que, desde ese momento, los tr\u00e1mites vinculados a cooperativas y mutuales deber\u00e1n realizarse exclusivamente de manera digital. Hasta entonces, convivir\u00e1n ambos sistemas.<\/p>\n\n\n\n<p>Las disertaciones estuvieron a cargo de la CPN Mar\u00eda de los \u00c1ngeles Gomara, asistente t\u00e9cnica en la Secretar\u00eda de Cooperativas, Mutuales y Emprendedurismo de la Provincia de Santa Fe y de la Dra. Virginia Gritti, responsable de la Direcci\u00f3n General de Cooperativas y Mutuales (Delegaci\u00f3n Sur) de la Secretar\u00eda de Cooperativas y Mutuales del Ministerio de Desarrollo Productivo de la Provincia de Santa Fe.<br>Ambas especialistas desarrollaron los aspectos centrales del marco legal del gobierno digital, el funcionamiento de la plataforma TIMB\u00d3 y la documentaci\u00f3n que deber\u00e1 presentarse de manera digital, teniendo en cuenta que la totalidad de los tr\u00e1mites se canalizar\u00e1n progresivamente a trav\u00e9s de ese sistema.<\/p>\n\n\n\n<p>De la capacitaci\u00f3n participaron aproximadamente 60 integrantes de diversas mutuales, entre dirigentes, personal administrativo y equipos t\u00e9cnicos, quienes tambi\u00e9n pudieron realizar consultas directas a las expositoras para despejar dudas sobre el funcionamiento de la plataforma y sobre los procedimientos que deber\u00e1n implementar en esta nueva etapa.<\/p>\n\n\n\n<p>Con este tipo de herramientas, avanza el proceso de digitalizaci\u00f3n impulsado por la Secretar\u00eda de Cooperativas y Mutuales del Ministerio de Desarrollo Productivo, y FESAEM reafirma su decisi\u00f3n de acompa\u00f1ar activamente a las entidades mutuales santafesinas en cada paso de esta transformaci\u00f3n.<\/p>\n","protected":false},"excerpt":{"rendered":"<p>En el marco del Plan de Capacitaci\u00f3n 2026, la Federaci\u00f3n Santafesina de Entidades Mutualistas Brigadier General Estanislao L\u00f3pez (FESAEM) llev\u00f3 adelante un nuevo encuentro virtual destinado a brindar herramientas concretas para la adaptaci\u00f3n de las mutuales al proceso de digitalizaci\u00f3n de tr\u00e1mites impulsado en la provincia de Santa Fe. Participaron alrededor de 60 representantes de [&hellip;]<\/p>\n","protected":false},"author":1,"featured_media":0,"comment_status":"open","ping_status":"open","sticky":false,"template":"","format":"standard","meta":{"footnotes":""},"categories":[1],"tags":[],"class_list":["post-934","post","type-post","status-publish","format-standard","hentry","category-uncategorized"],"_links":{"self":[{"href":"https:\/\/fesaem.com.ar\/index.php?rest_route=\/wp\/v2\/posts\/934","targetHints":{"allow":["GET"]}}],"collection":[{"href":"https:\/\/fesaem.com.ar\/index.php?rest_route=\/wp\/v2\/posts"}],"about":[{"href":"https:\/\/fesaem.com.ar\/index.php?rest_route=\/wp\/v2\/types\/post"}],"author":[{"embeddable":true,"href":"https:\/\/fesaem.com.ar\/index.php?rest_route=\/wp\/v2\/users\/1"}],"replies":[{"embeddable":true,"href":"https:\/\/fesaem.com.ar\/index.php?rest_route=%2Fwp%2Fv2%2Fcomments&post=934"}],"version-history":[{"count":1,"href":"https:\/\/fesaem.com.ar\/index.php?rest_route=\/wp\/v2\/posts\/934\/revisions"}],"predecessor-version":[{"id":939,"href":"https:\/\/fesaem.com.ar\/index.php?rest_route=\/wp\/v2\/posts\/934\/revisions\/939"}],"wp:attachment":[{"href":"https:\/\/fesaem.com.ar\/index.php?rest_route=%2Fwp%2Fv2%2Fmedia&parent=934"}],"wp:term":[{"taxonomy":"category","embeddable":true,"href":"https:\/\/fesaem.com.ar\/index.php?rest_route=%2Fwp%2Fv2%2Fcategories&post=934"},{"taxonomy":"post_tag","embeddable":true,"href":"https:\/\/fesaem.com.ar\/index.php?rest_route=%2Fwp%2Fv2%2Ftags&post=934"}],"curies":[{"name":"wp","href":"https:\/\/api.w.org\/{rel}","templated":true}]}}